{"id":46734,"date":"2025-08-20T20:03:25","date_gmt":"2025-08-21T00:03:25","guid":{"rendered":"https:\/\/ciudadtrujillo.com\/?p=46734"},"modified":"2025-08-20T20:03:25","modified_gmt":"2025-08-21T00:03:25","slug":"un-total-de-76-funcionarios-de-proteccion-civil-son-acreditados-como-tsu-por-la-unes","status":"publish","type":"post","link":"https:\/\/ciudadtrujillo.com\/?p=46734","title":{"rendered":"Un total de 76 funcionarios de Protecci\u00f3n Civil son acreditados como TSU por la UNES"},"content":{"rendered":"<p style=\"text-align: justify;\">\u200eComo parte de los procesos formativos y acad\u00e9micos, este martes se llev\u00f3 la tercera acreditaci\u00f3n de experiencias con la entrega de t\u00edtulos de T\u00e9cnico Superior Universitario (TSU) en Protecci\u00f3n Civil y Administraci\u00f3n de Desastres por parte de la Universidad Nacional Experimental de la Seguridad (Unes) a 76 funcionarios, oficiales y supervisores adscritos a la Zona Operativa de Evaluaci\u00f3n de Da\u00f1os y An\u00e1lisis de Necesidades (Zoedan) Trujillo y que cont\u00f3 con la presencia de autoridades acad\u00e9micas y regionales.<\/p>\n<p style=\"text-align: justify;\">\u200eDurante el acto, presidido por el Decano del N\u00facleo Trujillo, Dr. Juan Carlos Torres G\u00f3mez, se reconoci\u00f3 a la fuerza naranja como un \u00f3rgano de fuerza viva cuyo fin es la salvaguarda de los ciudadanos, a su vez se destac\u00f3 este proceso como una de las pol\u00edticas m\u00e1s importantes del Gobierno Bolivariano para quienes forman parte de los Organismos de Seguridad.<\/p>\n<p style=\"text-align: justify;\">\u200eDe igual modo, el director estadal de Protecci\u00f3n Civil, Gral. (B) Jos\u00e9 Gregorio P\u00e9rez Carre\u00f1o, en nombre del gobernador My. Gerardo M\u00e1rquez, inst\u00f3 a los nuevos profesionales a seguir con su servicio a la patria con amor y compromiso, destacando adem\u00e1s la experiencia por parte de este equipo a quien se les reconoci\u00f3 su trayectoria y trabajo hacia la colectividad.<\/p>\n<p style=\"text-align: justify;\">\u200ePor otro lado, se reconoci\u00f3 la labor desempe\u00f1ada en las diferentes Unidades de Reacci\u00f3n R\u00e1pida (Urra) con la entrega de certificaci\u00f3n a 21 funcionarios e insignia \u201cOperaci\u00f3n Estrat\u00e9gica \u201cNiquitao\u201d<\/p>\n<p>&nbsp;<\/p>\n<h6>Prensa Protecci\u00f3n Civil\/Yelitza Gil<\/h6>\n<p>&nbsp;<\/p>\n","protected":false},"excerpt":{"rendered":"<p>\u200eComo parte de los procesos formativos y acad\u00e9micos, este martes se llev\u00f3 la tercera acreditaci\u00f3n de experiencias con la entrega de t\u00edtulos de T\u00e9cnico Superior Universitario (TSU) en Protecci\u00f3n Civil&hellip; <\/p>\n","protected":false},"author":7,"featured_media":46735,"comment_status":"closed","ping_status":"closed","sticky":false,"template":"","format":"standard","meta":{"footnotes":""},"categories":[40],"tags":[],"class_list":["post-46734","post","type-post","status-publish","format-standard","has-post-thumbnail","hentry","category-grantrujillo"],"_links":{"self":[{"href":"https:\/\/ciudadtrujillo.com\/index.php?rest_route=\/wp\/v2\/posts\/46734","targetHints":{"allow":["GET"]}}],"collection":[{"href":"https:\/\/ciudadtrujillo.com\/index.php?rest_route=\/wp\/v2\/posts"}],"about":[{"href":"https:\/\/ciudadtrujillo.com\/index.php?rest_route=\/wp\/v2\/types\/post"}],"author":[{"embeddable":true,"href":"https:\/\/ciudadtrujillo.com\/index.php?rest_route=\/wp\/v2\/users\/7"}],"replies":[{"embeddable":true,"href":"https:\/\/ciudadtrujillo.com\/index.php?rest_route=%2Fwp%2Fv2%2Fcomments&post=46734"}],"version-history":[{"count":1,"href":"https:\/\/ciudadtrujillo.com\/index.php?rest_route=\/wp\/v2\/posts\/46734\/revisions"}],"predecessor-version":[{"id":46736,"href":"https:\/\/ciudadtrujillo.com\/index.php?rest_route=\/wp\/v2\/posts\/46734\/revisions\/46736"}],"wp:featuredmedia":[{"embeddable":true,"href":"https:\/\/ciudadtrujillo.com\/index.php?rest_route=\/wp\/v2\/media\/46735"}],"wp:attachment":[{"href":"https:\/\/ciudadtrujillo.com\/index.php?rest_route=%2Fwp%2Fv2%2Fmedia&parent=46734"}],"wp:term":[{"taxonomy":"category","embeddable":true,"href":"https:\/\/ciudadtrujillo.com\/index.php?rest_route=%2Fwp%2Fv2%2Fcategories&post=46734"},{"taxonomy":"post_tag","embeddable":true,"href":"https:\/\/ciudadtrujillo.com\/index.php?rest_route=%2Fwp%2Fv2%2Ftags&post=46734"}],"curies":[{"name":"wp","href":"https:\/\/api.w.org\/{rel}","templated":true}]}}