{"id":46710,"date":"2025-08-19T19:54:05","date_gmt":"2025-08-19T23:54:05","guid":{"rendered":"https:\/\/ciudadtrujillo.com\/?p=46710"},"modified":"2025-08-19T19:55:33","modified_gmt":"2025-08-19T23:55:33","slug":"julio-cesar-leon-recibio-emotivo-adios","status":"publish","type":"post","link":"https:\/\/ciudadtrujillo.com\/?p=46710","title":{"rendered":"Julio C\u00e9sar Le\u00f3n recibi\u00f3 emotivo adi\u00f3s"},"content":{"rendered":"<p style=\"text-align: justify;\">Las autoridades del deporte venezolano, del olimpismo y la comunidad de ciclistas dieron el \u00faltimo adi\u00f3s a Julio C\u00e9sar Le\u00f3n, quien fue en Londres 1948 el primer atleta venezolano en competir en los Juegos Ol\u00edmpicos, en una emotiva ceremonia realizada en el Comit\u00e9 Ol\u00edmpico Venezolano (COV) en compa\u00f1\u00eda de sus familiares, glorias del deporte y j\u00f3venes atletas que aspiran a seguir su inmortal legado.<\/p>\n<p style=\"text-align: justify;\">Con la presencia del ministro del Poder Popular del Deporte, Franklin Cardillo, la junta directiva del COV, la presidenta de la Federaci\u00f3n Venezolana de Ciclismo, Ana\u00eds Mu\u00f1oz, representas de la Comisi\u00f3n T\u00e9cnica Nacional, los medallistas ol\u00edmpicos Daniel Dhers y Stefany Hern\u00e1ndez, y panamericanos como Mar\u00eda Estela Vilera adem\u00e1s de Luis Y\u00e1nez, se rindi\u00f3 homenaje a este h\u00e9roe que con su fuerza y dedicaci\u00f3n inspir\u00f3 a muchas generaciones.<\/p>\n<h3 style=\"text-align: justify;\">Carisma inmortal<\/h3>\n<p style=\"text-align: justify;\">La ceremonia comenz\u00f3 con las gloriosas notas del Himno Nacional Bolivariano, seguido de las palabras del presidente de la federaci\u00f3n venezolana de domin\u00f3 Efra\u00edn Vel\u00e1squez, quien habl\u00f3 en nombre de todas las federaciones deportivas del pa\u00eds.<\/p>\n<p style=\"text-align: justify;\">\u00abLas federaciones deportivas queremos extender nuestras m\u00e1s sinceras palabras de condolencia a los familiares, adem\u00e1s de decirles que no se sientan tristes por la partida de Julio C\u00e9sar porque \u00e9l siempre estar\u00e1 con nosotros mientras lo recordamos por su carisma y sus ganas de ense\u00f1ar en todo momento\u00bb, indic\u00f3 el dirigente federativo.<\/p>\n<p>&nbsp;<\/p>\n<h6>\u00daltimas Noticias<\/h6>\n<p>&nbsp;<\/p>\n","protected":false},"excerpt":{"rendered":"<p>Las autoridades del deporte venezolano, del olimpismo y la comunidad de ciclistas dieron el \u00faltimo adi\u00f3s a Julio C\u00e9sar Le\u00f3n, quien fue en Londres 1948 el primer atleta venezolano en&hellip; <\/p>\n","protected":false},"author":7,"featured_media":46711,"comment_status":"closed","ping_status":"closed","sticky":false,"template":"","format":"standard","meta":{"footnotes":""},"categories":[44],"tags":[],"class_list":["post-46710","post","type-post","status-publish","format-standard","has-post-thumbnail","hentry","category-deportes"],"_links":{"self":[{"href":"https:\/\/ciudadtrujillo.com\/index.php?rest_route=\/wp\/v2\/posts\/46710","targetHints":{"allow":["GET"]}}],"collection":[{"href":"https:\/\/ciudadtrujillo.com\/index.php?rest_route=\/wp\/v2\/posts"}],"about":[{"href":"https:\/\/ciudadtrujillo.com\/index.php?rest_route=\/wp\/v2\/types\/post"}],"author":[{"embeddable":true,"href":"https:\/\/ciudadtrujillo.com\/index.php?rest_route=\/wp\/v2\/users\/7"}],"replies":[{"embeddable":true,"href":"https:\/\/ciudadtrujillo.com\/index.php?rest_route=%2Fwp%2Fv2%2Fcomments&post=46710"}],"version-history":[{"count":3,"href":"https:\/\/ciudadtrujillo.com\/index.php?rest_route=\/wp\/v2\/posts\/46710\/revisions"}],"predecessor-version":[{"id":46714,"href":"https:\/\/ciudadtrujillo.com\/index.php?rest_route=\/wp\/v2\/posts\/46710\/revisions\/46714"}],"wp:featuredmedia":[{"embeddable":true,"href":"https:\/\/ciudadtrujillo.com\/index.php?rest_route=\/wp\/v2\/media\/46711"}],"wp:attachment":[{"href":"https:\/\/ciudadtrujillo.com\/index.php?rest_route=%2Fwp%2Fv2%2Fmedia&parent=46710"}],"wp:term":[{"taxonomy":"category","embeddable":true,"href":"https:\/\/ciudadtrujillo.com\/index.php?rest_route=%2Fwp%2Fv2%2Fcategories&post=46710"},{"taxonomy":"post_tag","embeddable":true,"href":"https:\/\/ciudadtrujillo.com\/index.php?rest_route=%2Fwp%2Fv2%2Ftags&post=46710"}],"curies":[{"name":"wp","href":"https:\/\/api.w.org\/{rel}","templated":true}]}}