{"id":46707,"date":"2025-08-19T19:49:11","date_gmt":"2025-08-19T23:49:11","guid":{"rendered":"https:\/\/ciudadtrujillo.com\/?p=46707"},"modified":"2025-08-19T19:49:11","modified_gmt":"2025-08-19T23:49:11","slug":"fotografos-debatieron-sobre-su-dia-nacional-y-el-uso-de-la-ia","status":"publish","type":"post","link":"https:\/\/ciudadtrujillo.com\/?p=46707","title":{"rendered":"Fot\u00f3grafos debatieron sobre su D\u00eda Nacional y el uso de la IA"},"content":{"rendered":"<p style=\"text-align: justify;\">Aunque el 19 de agosto se celebr\u00f3 el D\u00eda Mundial de la Fotograf\u00eda, como homenaje a la invenci\u00f3n del daguerrotipo en el a\u00f1o 1839, en Par\u00eds, Francia, un grupo de fot\u00f3grafos venezolanos ha expuesto su visi\u00f3n enraizada en lo nacional y, adem\u00e1s, defienden su oficio frente a la avasallante influencia de las redes sociales y la inteligencia artificial (IA).<\/p>\n<p style=\"text-align: justify;\">Ese mismo d\u00eda, martes 19, se realiz\u00f3 el Encuentro de Fot\u00f3grafos y Fot\u00f3grafas en la Galer\u00eda de Arte Nacional (GAN) con una serie de ponencias: Acercamiento la fotograf\u00eda sint\u00e9tica o generaci\u00f3n de im\u00e1genes por IA, por Frank Araujo; La fotograf\u00eda en Venezuela hoy, por F\u00e9lix Gerardi; Impacto de la tecnolog\u00eda y redes sociales en la fotograf\u00eda, por John Moreno; y la Colecci\u00f3n de fotograf\u00eda en el Centro de Informaci\u00f3n y Documentaci\u00f3n Nacional de las Artes Pl\u00e1sticas, por Luis Chac\u00edn; con la moderaci\u00f3n de Luis Duarte.<\/p>\n<p style=\"text-align: justify;\">Gerardi dijo que es necesario replantear el D\u00eda Nacional de la Fotograf\u00eda, ya que la celebraci\u00f3n del 19 de agosto tiene origen y motivo europeo, y es necesario festejarlo desde los hechos hist\u00f3ricos del pa\u00eds.<\/p>\n<p style=\"text-align: justify;\">Destac\u00f3 figuras venezolanas del siglo XIX como Henrique Avril y su trabajo en la revista El Cojo Ilustrado; tambi\u00e9n de Luis Felipe Toro y de Federico Lessmann. Igualmente, habl\u00f3 de las nuevas generaciones y del significativo movimiento de mujeres fot\u00f3grafas.<\/p>\n<p style=\"text-align: justify;\">Manifest\u00f3 que \u201clos humanos seguimos creando porque la IA no tiene la capacidad, la inventiva, los recursos ni la inteligencia requerida; por ejemplo, no comprende la luz del tr\u00f3pico como lo hacemos las y los fot\u00f3grafos venezolanos\u201d.<\/p>\n<p style=\"text-align: justify;\">La exposici\u00f3n de Araujo se enfoc\u00f3 en las definiciones de la fotograf\u00eda tradicional, digital y la sint\u00e9tica o prontograf\u00eda, y afirm\u00f3 que no se es fotograf\u00eda el resultado de los generadores de im\u00e1genes. \u201cLa intenci\u00f3n es educar a la gente. Hay mucho temor sobre el desplazamiento de nuestra disciplina frente a estas herramientas, pero eso nunca va a suceder\u201d, agreg\u00f3.<\/p>\n<p style=\"text-align: justify;\">Por otro lado, Moreno disert\u00f3 sobre el cambio de la fotograf\u00eda con c\u00e1maras especializadas a los tel\u00e9fonos m\u00f3viles, y con las redes sociales, \u201ctransformando el discurso y el significado de la imagen\u201d. Tambi\u00e9n opin\u00f3 que el medio no es el problema, sino la manera en que se utiliza.<\/p>\n<p style=\"text-align: justify;\">Finalmente, Chac\u00edn pormenoriz\u00f3 sobre algunas obras fotogr\u00e1ficas del Cinap en la GAN, en las tem\u00e1ticas art\u00edsticas, hist\u00f3ricas y cient\u00edficas. Esta actividad fue organizada por Proyecto Ciudad Compartida.<\/p>\n<p>&nbsp;<\/p>\n<h6>\u00daltimas Noticias<\/h6>\n","protected":false},"excerpt":{"rendered":"<p>Aunque el 19 de agosto se celebr\u00f3 el D\u00eda Mundial de la Fotograf\u00eda, como homenaje a la invenci\u00f3n del daguerrotipo en el a\u00f1o 1839, en Par\u00eds, Francia, un grupo de&hellip; <\/p>\n","protected":false},"author":7,"featured_media":46708,"comment_status":"closed","ping_status":"closed","sticky":false,"template":"","format":"standard","meta":{"footnotes":""},"categories":[46],"tags":[],"class_list":["post-46707","post","type-post","status-publish","format-standard","has-post-thumbnail","hentry","category-cultura"],"_links":{"self":[{"href":"https:\/\/ciudadtrujillo.com\/index.php?rest_route=\/wp\/v2\/posts\/46707","targetHints":{"allow":["GET"]}}],"collection":[{"href":"https:\/\/ciudadtrujillo.com\/index.php?rest_route=\/wp\/v2\/posts"}],"about":[{"href":"https:\/\/ciudadtrujillo.com\/index.php?rest_route=\/wp\/v2\/types\/post"}],"author":[{"embeddable":true,"href":"https:\/\/ciudadtrujillo.com\/index.php?rest_route=\/wp\/v2\/users\/7"}],"replies":[{"embeddable":true,"href":"https:\/\/ciudadtrujillo.com\/index.php?rest_route=%2Fwp%2Fv2%2Fcomments&post=46707"}],"version-history":[{"count":1,"href":"https:\/\/ciudadtrujillo.com\/index.php?rest_route=\/wp\/v2\/posts\/46707\/revisions"}],"predecessor-version":[{"id":46709,"href":"https:\/\/ciudadtrujillo.com\/index.php?rest_route=\/wp\/v2\/posts\/46707\/revisions\/46709"}],"wp:featuredmedia":[{"embeddable":true,"href":"https:\/\/ciudadtrujillo.com\/index.php?rest_route=\/wp\/v2\/media\/46708"}],"wp:attachment":[{"href":"https:\/\/ciudadtrujillo.com\/index.php?rest_route=%2Fwp%2Fv2%2Fmedia&parent=46707"}],"wp:term":[{"taxonomy":"category","embeddable":true,"href":"https:\/\/ciudadtrujillo.com\/index.php?rest_route=%2Fwp%2Fv2%2Fcategories&post=46707"},{"taxonomy":"post_tag","embeddable":true,"href":"https:\/\/ciudadtrujillo.com\/index.php?rest_route=%2Fwp%2Fv2%2Ftags&post=46707"}],"curies":[{"name":"wp","href":"https:\/\/api.w.org\/{rel}","templated":true}]}}