{"id":46543,"date":"2025-08-14T22:23:02","date_gmt":"2025-08-15T02:23:02","guid":{"rendered":"https:\/\/ciudadtrujillo.com\/?p=46543"},"modified":"2025-08-14T22:23:02","modified_gmt":"2025-08-15T02:23:02","slug":"justicia-de-brasil-inicia-proceso-penal-contra-bolsonaro-por-golpe-a-lula","status":"publish","type":"post","link":"https:\/\/ciudadtrujillo.com\/?p=46543","title":{"rendered":"Justicia de Brasil inicia proceso penal contra Bolsonaro por golpe a Lula"},"content":{"rendered":"<p style=\"text-align: justify;\">El destino del expresidente brasile\u00f1o Jair Bolsonaro y otros siete aliados en el juicio por tentativa golpista contra el presidente Lula da Silva, comienza a definirse este jueves, tras el vencimiento del plazo para que las defensas presentaran alegatos finales ante la Corte Suprema.<\/p>\n<p style=\"text-align: justify;\">Bolsonaro tuvo as\u00ed la \u00faltima oportunidad para impugnar los cargos antes del juicio, que a\u00fan no se ha programado. Se espera que el Supremo Tribunal Federal lo celebre en septiembre. Tambi\u00e9n se considera que el juez ponente de la investigaci\u00f3n, Alexandre de Moraes, abra el proceso penal una vez que haya recibido todas las defensas.<\/p>\n<p style=\"text-align: justify;\">La fecha ser\u00e1 fijada por el presidente de la primera sala, ministro Cristiano Zanin. Los magistrados Fl\u00e1vio Dino, C\u00e1rmen L\u00facia Antunes y Luiz Fux tambi\u00e9n conforman el panel.<\/p>\n<p style=\"text-align: justify;\">El caso involucra delitos como organizaci\u00f3n criminal armada, intento de abolici\u00f3n violenta del Estado de Derecho, golpe de Estado, da\u00f1os agravados y perjuicio al patrimonio hist\u00f3rico.<\/p>\n<p style=\"text-align: justify;\">Otros imputados<br \/>\nLos acusados son, adem\u00e1s de Bolsonaro, el exdirector de la Agencia Brasile\u00f1a de Inteligencia, el diputado federal Alexandre Ramagem, el excomandante de la Marina Almir Garnier, el exministro de Justicia Anderson Torres y el exministro de la Oficina de Seguridad Institucional, general Augusto Heleno.<\/p>\n<p style=\"text-align: justify;\">Asimismo, el exministro de Defensa y general Paulo S\u00e9rgio Nogueira, el exministro de Defensa, general Walter Braga Netto, y el ex-ayudante de \u00f3rdenes del exmandatario, teniente coronel Mauro Cid, quien se declar\u00f3 culpable y fue el primero en presentar sus alegaciones el 30 de julio.<\/p>\n<p style=\"text-align: justify;\">Cid afirm\u00f3 haber actuado en connivencia con el entonces comandante del Ej\u00e9rcito, el general Mario Antonio Freire Gomes, y neg\u00f3 su participaci\u00f3n en la componenda golpista tras las elecciones de 2022.<\/p>\n<p style=\"text-align: justify;\">Antecedentes<br \/>\nBolsonaro fue el l\u00edder del complot golpista, seg\u00fan la Fiscal\u00eda General que lo se\u00f1ala como el art\u00edfice central de la confabulaci\u00f3n, que presuntamente comenz\u00f3 en 2021 y culmin\u00f3 con los actos antidemocr\u00e1ticos del 8 de enero de 2023.<\/p>\n<p style=\"text-align: justify;\">Las pruebas recabadas en la indagaci\u00f3n incluyen mensajes, reuniones y \u00f3rdenes de movilizar a las Fuerzas Armadas contra los resultados electorales.<\/p>\n<p style=\"text-align: justify;\">De ser condenados, el arresto de los acusados no ser\u00e1 autom\u00e1tico y solo podr\u00e1 ocurrir despu\u00e9s que se resuelvan las apelaciones. Los inquiridos podr\u00edan enfrentar penas de m\u00e1s de 30 a\u00f1os de c\u00e1rcel. Los oficiales del Ej\u00e9rcito y la Marina, as\u00ed como los de la Polic\u00eda Federal, tienen derecho a \u201cdetenci\u00f3n especial\u201d.<\/p>\n<h6>VTV<\/h6>\n","protected":false},"excerpt":{"rendered":"<p>El destino del expresidente brasile\u00f1o Jair Bolsonaro y otros siete aliados en el juicio por tentativa golpista contra el presidente Lula da Silva, comienza a definirse este jueves, tras el&hellip; <\/p>\n","protected":false},"author":7,"featured_media":46544,"comment_status":"closed","ping_status":"closed","sticky":false,"template":"","format":"standard","meta":{"footnotes":""},"categories":[42],"tags":[],"class_list":["post-46543","post","type-post","status-publish","format-standard","has-post-thumbnail","hentry","category-mundo"],"_links":{"self":[{"href":"https:\/\/ciudadtrujillo.com\/index.php?rest_route=\/wp\/v2\/posts\/46543","targetHints":{"allow":["GET"]}}],"collection":[{"href":"https:\/\/ciudadtrujillo.com\/index.php?rest_route=\/wp\/v2\/posts"}],"about":[{"href":"https:\/\/ciudadtrujillo.com\/index.php?rest_route=\/wp\/v2\/types\/post"}],"author":[{"embeddable":true,"href":"https:\/\/ciudadtrujillo.com\/index.php?rest_route=\/wp\/v2\/users\/7"}],"replies":[{"embeddable":true,"href":"https:\/\/ciudadtrujillo.com\/index.php?rest_route=%2Fwp%2Fv2%2Fcomments&post=46543"}],"version-history":[{"count":1,"href":"https:\/\/ciudadtrujillo.com\/index.php?rest_route=\/wp\/v2\/posts\/46543\/revisions"}],"predecessor-version":[{"id":46545,"href":"https:\/\/ciudadtrujillo.com\/index.php?rest_route=\/wp\/v2\/posts\/46543\/revisions\/46545"}],"wp:featuredmedia":[{"embeddable":true,"href":"https:\/\/ciudadtrujillo.com\/index.php?rest_route=\/wp\/v2\/media\/46544"}],"wp:attachment":[{"href":"https:\/\/ciudadtrujillo.com\/index.php?rest_route=%2Fwp%2Fv2%2Fmedia&parent=46543"}],"wp:term":[{"taxonomy":"category","embeddable":true,"href":"https:\/\/ciudadtrujillo.com\/index.php?rest_route=%2Fwp%2Fv2%2Fcategories&post=46543"},{"taxonomy":"post_tag","embeddable":true,"href":"https:\/\/ciudadtrujillo.com\/index.php?rest_route=%2Fwp%2Fv2%2Ftags&post=46543"}],"curies":[{"name":"wp","href":"https:\/\/api.w.org\/{rel}","templated":true}]}}