{"id":46162,"date":"2025-08-05T16:32:22","date_gmt":"2025-08-05T20:32:22","guid":{"rendered":"https:\/\/ciudadtrujillo.com\/?p=46162"},"modified":"2025-08-05T16:32:22","modified_gmt":"2025-08-05T20:32:22","slug":"trujillo-se-une-al-plan-vacacional-comunitario-y-la-red-integral-de-recreacion-2025","status":"publish","type":"post","link":"https:\/\/ciudadtrujillo.com\/?p=46162","title":{"rendered":"Trujillo se une al Plan Vacacional Comunitario y la Red Integral de Recreaci\u00f3n 2025"},"content":{"rendered":"<div dir=\"auto\" style=\"text-align: justify;\">Cumpliendo las orientaciones del Presidente Nicol\u00e1s Maduro y el gobernador Gerardo M\u00e1rquez, este martes se llev\u00f3 a cabo en el Sal\u00f3n \u00abHugo Ch\u00e1vez\u00bb del municipio Valera, la instalaci\u00f3n del Consejo Regional Estadal de Recreaci\u00f3n en el estado Trujillo, con el objetivo de dar inicio al Plan Vacacional Comunitario y la Red Integral de Recreaci\u00f3n (REIR).<\/div>\n<div dir=\"auto\">\n<div dir=\"auto\" style=\"text-align: justify;\">Durante el encuentro se socializ\u00f3 el documento orientador a los miembros del Sistema de Misiones Hugo Ch\u00e1vez y la secretaria de Desarrollo Social de la Gobernaci\u00f3n del estado Trujillo. Este Plan Comunitario RIE 2025, busca garantizar el derecho a la recreaci\u00f3n y el sano esparcimiento del pueblo, est\u00e1 dirigido a toda la poblaci\u00f3n, desde ni\u00f1os, ni\u00f1as hasta adultos mayores enmarcados en las 7T.<\/div>\n<div dir=\"auto\" style=\"text-align: justify;\"><\/div>\n<div dir=\"auto\" style=\"text-align: justify;\">En Plan se desarrollar\u00e1n en dos \u00e1mbitos de acci\u00f3n: Los Circuitos Comunales y los puntos de alto impacto en playas, parques, r\u00edos y balnearios.<\/div>\n<div dir=\"auto\" style=\"text-align: justify;\"><\/div>\n<div dir=\"auto\" style=\"text-align: justify;\">La reuni\u00f3n estuvo dirigida por la secretaria Regional del Sistema de Misiones Hugo Ch\u00e1vez y el responsable regional de la JPSUV Cristin Chirinos.<\/div>\n<div dir=\"auto\" style=\"text-align: justify;\"><\/div>\n<div dir=\"auto\" style=\"text-align: justify;\">Desde el Sistema de Misiones y Grandes Misiones Hugo Ch\u00e1vez, asumimos el compromiso de acompa\u00f1ar a la juventud trujillana a llevar alegr\u00eda y entusiasmo a las comunidades.<\/div>\n<div class=\"yj6qo\" style=\"text-align: justify;\"><\/div>\n<\/div>\n<h6 class=\"adL\" dir=\"auto\"><\/h6>\n<h6 dir=\"auto\">Somos Venezuela<\/h6>\n","protected":false},"excerpt":{"rendered":"<p>Cumpliendo las orientaciones del Presidente Nicol\u00e1s Maduro y el gobernador Gerardo M\u00e1rquez, este martes se llev\u00f3 a cabo en el Sal\u00f3n \u00abHugo Ch\u00e1vez\u00bb del municipio Valera, la instalaci\u00f3n del Consejo&hellip; <\/p>\n","protected":false},"author":7,"featured_media":46163,"comment_status":"closed","ping_status":"closed","sticky":false,"template":"","format":"standard","meta":{"footnotes":""},"categories":[40],"tags":[],"class_list":["post-46162","post","type-post","status-publish","format-standard","has-post-thumbnail","hentry","category-grantrujillo"],"_links":{"self":[{"href":"https:\/\/ciudadtrujillo.com\/index.php?rest_route=\/wp\/v2\/posts\/46162","targetHints":{"allow":["GET"]}}],"collection":[{"href":"https:\/\/ciudadtrujillo.com\/index.php?rest_route=\/wp\/v2\/posts"}],"about":[{"href":"https:\/\/ciudadtrujillo.com\/index.php?rest_route=\/wp\/v2\/types\/post"}],"author":[{"embeddable":true,"href":"https:\/\/ciudadtrujillo.com\/index.php?rest_route=\/wp\/v2\/users\/7"}],"replies":[{"embeddable":true,"href":"https:\/\/ciudadtrujillo.com\/index.php?rest_route=%2Fwp%2Fv2%2Fcomments&post=46162"}],"version-history":[{"count":1,"href":"https:\/\/ciudadtrujillo.com\/index.php?rest_route=\/wp\/v2\/posts\/46162\/revisions"}],"predecessor-version":[{"id":46164,"href":"https:\/\/ciudadtrujillo.com\/index.php?rest_route=\/wp\/v2\/posts\/46162\/revisions\/46164"}],"wp:featuredmedia":[{"embeddable":true,"href":"https:\/\/ciudadtrujillo.com\/index.php?rest_route=\/wp\/v2\/media\/46163"}],"wp:attachment":[{"href":"https:\/\/ciudadtrujillo.com\/index.php?rest_route=%2Fwp%2Fv2%2Fmedia&parent=46162"}],"wp:term":[{"taxonomy":"category","embeddable":true,"href":"https:\/\/ciudadtrujillo.com\/index.php?rest_route=%2Fwp%2Fv2%2Fcategories&post=46162"},{"taxonomy":"post_tag","embeddable":true,"href":"https:\/\/ciudadtrujillo.com\/index.php?rest_route=%2Fwp%2Fv2%2Ftags&post=46162"}],"curies":[{"name":"wp","href":"https:\/\/api.w.org\/{rel}","templated":true}]}}