{"id":46159,"date":"2025-08-05T16:20:52","date_gmt":"2025-08-05T20:20:52","guid":{"rendered":"https:\/\/ciudadtrujillo.com\/?p=46159"},"modified":"2025-08-05T16:20:52","modified_gmt":"2025-08-05T20:20:52","slug":"presidente-nicolas-maduro-la-paz-que-tenemos-es-una-conquista-y-hay-que-cuidarla","status":"publish","type":"post","link":"https:\/\/ciudadtrujillo.com\/?p=46159","title":{"rendered":"Presidente Nicol\u00e1s Maduro: la paz que tenemos es una conquista y hay que cuidarla"},"content":{"rendered":"<p style=\"text-align: justify;\">\u00abEste pueblo ya no quiere m\u00e1s guarimbas, no quiere m\u00e1s violencia, no quiere m\u00e1s conspiraci\u00f3n. As\u00ed que creo que siendo hoy 4 de agosto es muy importante hacer conciencia que la paz que tenemos es una conquista. Hay que cuidarla y hay que seguirla construyendo porque el mundo est\u00e1 loco\u00bb, as\u00ed lo manifest\u00f3 este lunes el presidente de la Rep\u00fablica, Nicol\u00e1s Maduro.<\/p>\n<p style=\"text-align: justify;\">Tal afirmaci\u00f3n la realiz\u00f3 el jefe de Estado durante su programa n\u00famero 87 de Con Maduro +, donde destac\u00f3 que el pasado 28 de julio de 2024 se realiz\u00f3 la elecci\u00f3n presidencial bajo amenazas por parte de la ultraderecha. \u00abIban a dejar sin electricidad a Venezuela al mediod\u00eda el 28 de julio y en la noche del 28 de julio atacaron todos los sistemas inform\u00e1ticos del pa\u00eds y destruyeron el sistema inform\u00e1tico del Consejo Nacional Electoral, entre otras cosas. Ya saben lo que pasamos 29 y 30 y el control que hicimos de estos grupos violentos\u00bb.<\/p>\n<p style=\"text-align: justify;\">\u00abPara que hubiera elecciones de Asamblea Nacional y gobernaciones el 25 de mayo, ustedes no saben lo que hicimos, lo que pasamos, los intentos que hubo de destruir sistemas el\u00e9ctricos, de atacar lugares claves del pa\u00eds, inclusive ahora para que fueran en paz y tranquilas las elecciones del 27 de julio, lo mismo, as\u00ed que nosotros hemos dado una gran batalla\u00bb, revel\u00f3.<\/p>\n<p style=\"text-align: justify;\">Por otra parte, Maduro resalt\u00f3 que se han realizado las elecciones ind\u00edgenas con participaci\u00f3n del 92,97%. \u00abTodo se desarroll\u00f3 en completa paz. Hemos logrado unas elecciones sin violencia, sin planes de desestabilizaci\u00f3n\u00bb.<\/p>\n<p style=\"text-align: justify;\">Maduro detall\u00f3 los m\u00faltiples eventos electorales que se han realizado en Venezuela en los \u00faltimos a\u00f1os de forma exitosa, frente a bloqueos, intentos de invasi\u00f3n y ataques de violencia. \u201cEstas elecciones municipales nos dieron una gran responsabilidad para los tiempos presentes y la construcci\u00f3n del nuevo modelo de Estado Comunal\u201d.<\/p>\n<p style=\"text-align: justify;\">El dignatario se\u00f1al\u00f3 que con las elecciones de este 27 de julio se cierra el ciclo electoral, como lo manda la Constituci\u00f3n, \u00aben paz, con participaci\u00f3n y con una victoria popular rotunda. En un a\u00f1o hicimos siete elecciones, todas en democracia, todas con resultados claros. Hoy tenemos un pa\u00eds en pie, con todas sus instituciones renovadas y un plan de trabajo colectivo que se llama 7T. Es el plan del pueblo, y tambi\u00e9n del presidente pueblo\u00bb.<\/p>\n<p>&nbsp;<\/p>\n<p>&nbsp;<\/p>\n<h6>\u00daltimas Noticias<\/h6>\n","protected":false},"excerpt":{"rendered":"<p>\u00abEste pueblo ya no quiere m\u00e1s guarimbas, no quiere m\u00e1s violencia, no quiere m\u00e1s conspiraci\u00f3n. As\u00ed que creo que siendo hoy 4 de agosto es muy importante hacer conciencia que&hellip; <\/p>\n","protected":false},"author":7,"featured_media":46160,"comment_status":"closed","ping_status":"closed","sticky":false,"template":"","format":"standard","meta":{"footnotes":""},"categories":[41],"tags":[],"class_list":["post-46159","post","type-post","status-publish","format-standard","has-post-thumbnail","hentry","category-pais"],"_links":{"self":[{"href":"https:\/\/ciudadtrujillo.com\/index.php?rest_route=\/wp\/v2\/posts\/46159","targetHints":{"allow":["GET"]}}],"collection":[{"href":"https:\/\/ciudadtrujillo.com\/index.php?rest_route=\/wp\/v2\/posts"}],"about":[{"href":"https:\/\/ciudadtrujillo.com\/index.php?rest_route=\/wp\/v2\/types\/post"}],"author":[{"embeddable":true,"href":"https:\/\/ciudadtrujillo.com\/index.php?rest_route=\/wp\/v2\/users\/7"}],"replies":[{"embeddable":true,"href":"https:\/\/ciudadtrujillo.com\/index.php?rest_route=%2Fwp%2Fv2%2Fcomments&post=46159"}],"version-history":[{"count":1,"href":"https:\/\/ciudadtrujillo.com\/index.php?rest_route=\/wp\/v2\/posts\/46159\/revisions"}],"predecessor-version":[{"id":46161,"href":"https:\/\/ciudadtrujillo.com\/index.php?rest_route=\/wp\/v2\/posts\/46159\/revisions\/46161"}],"wp:featuredmedia":[{"embeddable":true,"href":"https:\/\/ciudadtrujillo.com\/index.php?rest_route=\/wp\/v2\/media\/46160"}],"wp:attachment":[{"href":"https:\/\/ciudadtrujillo.com\/index.php?rest_route=%2Fwp%2Fv2%2Fmedia&parent=46159"}],"wp:term":[{"taxonomy":"category","embeddable":true,"href":"https:\/\/ciudadtrujillo.com\/index.php?rest_route=%2Fwp%2Fv2%2Fcategories&post=46159"},{"taxonomy":"post_tag","embeddable":true,"href":"https:\/\/ciudadtrujillo.com\/index.php?rest_route=%2Fwp%2Fv2%2Ftags&post=46159"}],"curies":[{"name":"wp","href":"https:\/\/api.w.org\/{rel}","templated":true}]}}