{"id":46134,"date":"2025-08-04T21:49:12","date_gmt":"2025-08-05T01:49:12","guid":{"rendered":"https:\/\/ciudadtrujillo.com\/?p=46134"},"modified":"2025-08-04T21:49:12","modified_gmt":"2025-08-05T01:49:12","slug":"inician-trabajos-de-rehabilitacion-y-embellecimiento-de-la-alcaldia-de-valera","status":"publish","type":"post","link":"https:\/\/ciudadtrujillo.com\/?p=46134","title":{"rendered":"Inician trabajos de rehabilitaci\u00f3n y embellecimiento de la Alcald\u00eda de Valera"},"content":{"rendered":"<div dir=\"auto\" style=\"text-align: justify;\">Tal y como lo hab\u00eda anunciado el nuevo alcalde del municipio Valera, Alfredy Moreno, comenzaron los trabajos de rehabilitaci\u00f3n y embellecimiento de la fachada de la Alcald\u00eda de esta jurisdicci\u00f3n del estado Trujillo.<\/div>\n<div dir=\"auto\" style=\"text-align: justify;\"><\/div>\n<div dir=\"auto\" style=\"text-align: justify;\">A su llegada a las instalaciones de la municipalidad este lunes, Moreno inspeccion\u00f3 los trabajos que desde muy tempranas horas se hab\u00edan comenzado.<\/div>\n<div dir=\"auto\" style=\"text-align: justify;\"><\/div>\n<div dir=\"auto\" style=\"text-align: justify;\">\u00abIniciamos la recuperaci\u00f3n integral de la fachada, de la est\u00e9tica, de las \u00e1reas verdes de esta Alcald\u00eda para cambiarle el rostro para bien, adem\u00e1s, progresivamente vamos a iniciar la recuperaci\u00f3n de las oficinas, las coordinaciones y las direcciones para que se sienta el pueblo de Valera atendido dignamente cuando entra a estas instalaciones\u00bb, expres\u00f3.<\/div>\n<div dir=\"auto\" style=\"text-align: justify;\"><\/div>\n<div dir=\"auto\" style=\"text-align: justify;\">No obstante, destac\u00f3 que el fin superior como alcalde y del equipo de gobierno es ir al territorio, desplegarse en las calles y en las comunidades.<\/div>\n<div dir=\"auto\" style=\"text-align: justify;\"><\/div>\n<div dir=\"auto\" style=\"text-align: justify;\">Indic\u00f3 que se prev\u00e9 este jueves 7 de agosto dar comienzo al Plan de Recolecci\u00f3n Integral de Desechos S\u00f3lidos denominado Valera Limpia y Renaciente con un despliegue de m\u00e1s de 10 camiones, entre compactadores y retroexcavadoras, que se incorporan a la flota para hacer un trabajo eficiente.<\/div>\n<div dir=\"auto\" style=\"text-align: justify;\"><\/div>\n<div dir=\"auto\" style=\"text-align: justify;\">\u00abVamos a asignar camiones todos los d\u00edas a las parroquias. Estamos ya con el equipo de Servicios P\u00fablicos en los encuentros en las parroquias con todos los equipos pol\u00edticos y comunales para discutir las propuestas de cronogramas. Todas las parroquias tendr\u00e1n un cami\u00f3n asignado de lunes a domingo y en base a ello se har\u00e1n los cronogramas por parroquia para que sea m\u00e1s eficiente la recolecci\u00f3n de los desechos s\u00f3lidos\u00bb, manifest\u00f3.<\/div>\n<div dir=\"auto\" style=\"text-align: justify;\"><\/div>\n<div dir=\"auto\" style=\"text-align: justify;\">El alcalde agreg\u00f3 que, luego de aplicar ese plan, se implementar\u00e1 un plan de sensibilizaci\u00f3n de toda la poblaci\u00f3n y de sanciones a quienes incumplan con las normas destinadas a mantener los espacios p\u00fablicos limpios<\/div>\n<div dir=\"auto\" style=\"text-align: justify;\"><\/div>\n<div dir=\"auto\" style=\"text-align: justify;\">\u00abQuien no colabore con este esfuerzo que est\u00e1 realizando el Gobierno Bolivariano en sus diferentes niveles para tratar de controlar la anarqu\u00eda en la recolecci\u00f3n de los desechos s\u00f3lidos, tambi\u00e9n tiene que recibir alg\u00fan tipo de sanci\u00f3n. En una semana se ver\u00e1 el cambio radical y luego cuando comencemos a estabilizar los cronogramas de recolecci\u00f3n de desechos s\u00f3lidos ser\u00e1n mucho m\u00e1s impactantes las acciones que vamos a ejecutar como gobierno\u00bb, asever\u00f3.<\/div>\n<div dir=\"auto\" style=\"text-align: justify;\"><\/div>\n<div dir=\"auto\" style=\"text-align: justify;\">Moreno tambi\u00e9n anunci\u00f3 que las pr\u00f3ximas semanas comenzar\u00e1 el Plan de Asfalto, primeramente en las calles del centro de Valera, para lo cual previamente se har\u00e1, en conjunto con la empresa Hidrol\u00f3gica de Los Andes (Hidroandes), una evaluaci\u00f3n de las tomas y botes que hayan para subsanar esas aver\u00edas y as\u00ed poder avanzar en esas labores de asfaltado y bacheo.<\/div>\n<div dir=\"auto\" style=\"text-align: justify;\"><\/div>\n<div dir=\"auto\" style=\"text-align: justify;\">Posteriormente, este plan integral de asfaltado, demarcaci\u00f3n y pintura se aplicar\u00e1 a las comunidades.<\/div>\n<div dir=\"auto\" style=\"text-align: justify;\"><\/div>\n<div dir=\"auto\" style=\"text-align: justify;\">\u00abTenemos todo el apoyo de nuestro Presidente Nicol\u00e1s Maduro, todo el apoyo y el respaldo de nuestro gobernador Gerardo M\u00e1rquez que est\u00e1 pendiente de cada uno de los programas y proyectos que desarrollamos y, adem\u00e1s, el apoyo del gobierno comunal, de las organizaciones del Poder Popular, del Partido Socialista Unido de Venezuela y de todo el pueblo de Valera, empresarios, comerciantes y todos los sectores que formar\u00e1n parte de este gobierno, porque todos son parte de la vida activa del municipio Valera\u00bb.<\/div>\n<div dir=\"auto\"><\/div>\n<div dir=\"auto\"><\/div>\n<div dir=\"auto\"><\/div>\n<h6 dir=\"auto\">Prensa Alcald\u00eda de Valera<\/h6>\n","protected":false},"excerpt":{"rendered":"<p>Tal y como lo hab\u00eda anunciado el nuevo alcalde del municipio Valera, Alfredy Moreno, comenzaron los trabajos de rehabilitaci\u00f3n y embellecimiento de la fachada de la Alcald\u00eda de esta jurisdicci\u00f3n&hellip; <\/p>\n","protected":false},"author":7,"featured_media":46135,"comment_status":"closed","ping_status":"closed","sticky":false,"template":"","format":"standard","meta":{"footnotes":""},"categories":[40],"tags":[],"class_list":["post-46134","post","type-post","status-publish","format-standard","has-post-thumbnail","hentry","category-grantrujillo"],"_links":{"self":[{"href":"https:\/\/ciudadtrujillo.com\/index.php?rest_route=\/wp\/v2\/posts\/46134","targetHints":{"allow":["GET"]}}],"collection":[{"href":"https:\/\/ciudadtrujillo.com\/index.php?rest_route=\/wp\/v2\/posts"}],"about":[{"href":"https:\/\/ciudadtrujillo.com\/index.php?rest_route=\/wp\/v2\/types\/post"}],"author":[{"embeddable":true,"href":"https:\/\/ciudadtrujillo.com\/index.php?rest_route=\/wp\/v2\/users\/7"}],"replies":[{"embeddable":true,"href":"https:\/\/ciudadtrujillo.com\/index.php?rest_route=%2Fwp%2Fv2%2Fcomments&post=46134"}],"version-history":[{"count":1,"href":"https:\/\/ciudadtrujillo.com\/index.php?rest_route=\/wp\/v2\/posts\/46134\/revisions"}],"predecessor-version":[{"id":46136,"href":"https:\/\/ciudadtrujillo.com\/index.php?rest_route=\/wp\/v2\/posts\/46134\/revisions\/46136"}],"wp:featuredmedia":[{"embeddable":true,"href":"https:\/\/ciudadtrujillo.com\/index.php?rest_route=\/wp\/v2\/media\/46135"}],"wp:attachment":[{"href":"https:\/\/ciudadtrujillo.com\/index.php?rest_route=%2Fwp%2Fv2%2Fmedia&parent=46134"}],"wp:term":[{"taxonomy":"category","embeddable":true,"href":"https:\/\/ciudadtrujillo.com\/index.php?rest_route=%2Fwp%2Fv2%2Fcategories&post=46134"},{"taxonomy":"post_tag","embeddable":true,"href":"https:\/\/ciudadtrujillo.com\/index.php?rest_route=%2Fwp%2Fv2%2Ftags&post=46134"}],"curies":[{"name":"wp","href":"https:\/\/api.w.org\/{rel}","templated":true}]}}