{"id":46128,"date":"2025-08-04T21:19:02","date_gmt":"2025-08-05T01:19:02","guid":{"rendered":"https:\/\/ciudadtrujillo.com\/?p=46128"},"modified":"2025-08-04T21:19:02","modified_gmt":"2025-08-05T01:19:02","slug":"trujillo-fortalece-su-red-de-salud-con-mas-de-735-mil-medicamentos-e-insumos","status":"publish","type":"post","link":"https:\/\/ciudadtrujillo.com\/?p=46128","title":{"rendered":"Trujillo fortalece su red de salud con m\u00e1s de 735 mil medicamentos e insumos"},"content":{"rendered":"<p style=\"text-align: justify;\">En el marco del despacho continuo que realiza el Ministerio del Poder Popular para la Salud (MPPS), la Fundaci\u00f3n Trujillana de la Salud (Fundasalud), recibi\u00f3 recientemente un importante cargamento de m\u00e1s de 735 mil unidades entre medicamentos e insumos m\u00e9dico-quir\u00fargicos, con el objetivo de fortalecer los centros asistenciales del estado Trujillo.<span id=\"m_4473108176603721271m_7143650491447453971gmail-more-75579\"><\/span><\/p>\n<p style=\"text-align: justify;\">De acuerdo con el reporte emitido por la Coordinaci\u00f3n Estadal de Proveedur\u00eda, el lote incluye 442 medicamentos espec\u00edficos, de los cuales 373 est\u00e1n destinados al Programa Nacional de Atenci\u00f3n a Personas con VIH, y 69 ser\u00e1n entregados a la Coordinaci\u00f3n Estadal de Salud Respiratoria.<\/p>\n<p style=\"text-align: justify;\">Adem\u00e1s, el mismo informe detalla que arribaron 734 mil 580 unidades adicionales, distribuidas en 166 mil 471 medicamentos y 568 mil 109 materiales m\u00e9dico-quir\u00fargicos.<\/p>\n<p style=\"text-align: justify;\">Estos recursos ser\u00e1n canalizados hacia hospitales, Centros de Diagn\u00f3stico Integral (CDI), consultorios populares y otras instalaciones de salud p\u00fablica, reforzando as\u00ed la capacidad operativa de la red sanitaria regional.<\/p>\n<p style=\"text-align: justify;\">Cabe destacar que estas acciones se enmarcan en el esfuerzo articulado del Presidente Nicol\u00e1s Maduro, por medio de la ministra del Poder Popular para la Salud, Dra. Magaly Guti\u00e9rrez, junto con las gestiones del gobernador del estado Trujillo, Gerardo M\u00e1rquez, y la autoridad \u00fanica de Salud, Dra. Yadira Pereira, quienes contin\u00faan trabajando de manera conjunta para garantizar el acceso oportuno y equitativo a los servicios de salud.<\/p>\n<p>&nbsp;<\/p>\n<p>&nbsp;<\/p>\n<p>&nbsp;<\/p>\n<h6>Prensa Mpps<\/h6>\n","protected":false},"excerpt":{"rendered":"<p>En el marco del despacho continuo que realiza el Ministerio del Poder Popular para la Salud (MPPS), la Fundaci\u00f3n Trujillana de la Salud (Fundasalud), recibi\u00f3 recientemente un importante cargamento de&hellip; <\/p>\n","protected":false},"author":7,"featured_media":46129,"comment_status":"closed","ping_status":"closed","sticky":false,"template":"","format":"standard","meta":{"footnotes":""},"categories":[40],"tags":[],"class_list":["post-46128","post","type-post","status-publish","format-standard","has-post-thumbnail","hentry","category-grantrujillo"],"_links":{"self":[{"href":"https:\/\/ciudadtrujillo.com\/index.php?rest_route=\/wp\/v2\/posts\/46128","targetHints":{"allow":["GET"]}}],"collection":[{"href":"https:\/\/ciudadtrujillo.com\/index.php?rest_route=\/wp\/v2\/posts"}],"about":[{"href":"https:\/\/ciudadtrujillo.com\/index.php?rest_route=\/wp\/v2\/types\/post"}],"author":[{"embeddable":true,"href":"https:\/\/ciudadtrujillo.com\/index.php?rest_route=\/wp\/v2\/users\/7"}],"replies":[{"embeddable":true,"href":"https:\/\/ciudadtrujillo.com\/index.php?rest_route=%2Fwp%2Fv2%2Fcomments&post=46128"}],"version-history":[{"count":1,"href":"https:\/\/ciudadtrujillo.com\/index.php?rest_route=\/wp\/v2\/posts\/46128\/revisions"}],"predecessor-version":[{"id":46130,"href":"https:\/\/ciudadtrujillo.com\/index.php?rest_route=\/wp\/v2\/posts\/46128\/revisions\/46130"}],"wp:featuredmedia":[{"embeddable":true,"href":"https:\/\/ciudadtrujillo.com\/index.php?rest_route=\/wp\/v2\/media\/46129"}],"wp:attachment":[{"href":"https:\/\/ciudadtrujillo.com\/index.php?rest_route=%2Fwp%2Fv2%2Fmedia&parent=46128"}],"wp:term":[{"taxonomy":"category","embeddable":true,"href":"https:\/\/ciudadtrujillo.com\/index.php?rest_route=%2Fwp%2Fv2%2Fcategories&post=46128"},{"taxonomy":"post_tag","embeddable":true,"href":"https:\/\/ciudadtrujillo.com\/index.php?rest_route=%2Fwp%2Fv2%2Ftags&post=46128"}],"curies":[{"name":"wp","href":"https:\/\/api.w.org\/{rel}","templated":true}]}}