{"id":45939,"date":"2025-07-29T23:08:23","date_gmt":"2025-07-30T03:08:23","guid":{"rendered":"https:\/\/ciudadtrujillo.com\/?p=45939"},"modified":"2025-07-29T23:08:23","modified_gmt":"2025-07-30T03:08:23","slug":"presidente-maduro-pueblo-empoderado-esta-destinado-a-gobernar-la-patria","status":"publish","type":"post","link":"https:\/\/ciudadtrujillo.com\/?p=45939","title":{"rendered":"Presidente Maduro: Pueblo empoderado est\u00e1 destinado a gobernar la patria"},"content":{"rendered":"<p style=\"text-align: justify;\">El presidente de la Rep\u00fablica Bolivariana de Venezuela, Nicol\u00e1s Maduro, celebr\u00f3 luego de conocer los resultados que adjudica al Gran Polo Patri\u00f3tico el 85 por ciento de las alcald\u00edas del pa\u00eds, la Revoluci\u00f3n se consolida como \u201cuna fuerza de verdad, el pueblo empoderado, hijos e hijas de Bol\u00edvar y Ch\u00e1vez destinados a gobernar la Patria junto a la gente de a pie\u201d.<\/p>\n<p style=\"text-align: justify;\">Durante la gran marcha revolucionaria que festej\u00f3 la conquista de 285 de 335 alcald\u00edas, el mandatario venezolano ratific\u00f3 que la Revoluci\u00f3n Bolivariana \u201cVa a gobernar el 85 por ciento de los territorios municipales de Venezuela\u201d.<\/p>\n<p style=\"text-align: justify;\">A trav\u00e9s de un material audiovisual publicado en su canal Telegram, Maduro se\u00f1al\u00f3 que el legado de El Libertador Sim\u00f3n Bol\u00edvar y el Comandante Hugo Ch\u00e1vez estar\u00e1n presentes en este momento pol\u00edtico de la naci\u00f3n. \u201cSomos una fuerza de Verdad, somos el pueblo empoderado\u201d.<\/p>\n<p style=\"text-align: justify;\">En ese sentido, exhort\u00f3 a los alcaldes revolucionarios y de oposici\u00f3n a recorrer las comunidades y a gobernar junto a la gente. \u201cSe tienen que poner los patines y las pilas\u201d, expres\u00f3.<\/p>\n<p style=\"text-align: justify;\">Finalmente, el presidente Nicol\u00e1s Maduro aplaudi\u00f3 la elecci\u00f3n de Gian Carlo Di Martino como alcalde de Maracaibo, el cual obtuvo un total de 137 mil 998 votos, lo que representa el 73,64 por ciento de los sufragios, de acuerdo con el balance ofrecido por el Consejo Nacional Electoral (CNE).<\/p>\n<p style=\"text-align: justify;\">\u201c\u00a1Pa\u2019mi #Maracaibo natal, ciudad y estado que admiro mucho! El Zulia tiene una identidad regionalista poderosa\u201d, puntualiz\u00f3 el presidente Maduro.<\/p>\n<p style=\"text-align: justify;\">VTV<\/p>\n","protected":false},"excerpt":{"rendered":"<p>El presidente de la Rep\u00fablica Bolivariana de Venezuela, Nicol\u00e1s Maduro, celebr\u00f3 luego de conocer los resultados que adjudica al Gran Polo Patri\u00f3tico el 85 por ciento de las alcald\u00edas del&hellip; <\/p>\n","protected":false},"author":7,"featured_media":0,"comment_status":"closed","ping_status":"closed","sticky":false,"template":"","format":"standard","meta":{"footnotes":""},"categories":[41],"tags":[],"class_list":["post-45939","post","type-post","status-publish","format-standard","hentry","category-pais"],"_links":{"self":[{"href":"https:\/\/ciudadtrujillo.com\/index.php?rest_route=\/wp\/v2\/posts\/45939","targetHints":{"allow":["GET"]}}],"collection":[{"href":"https:\/\/ciudadtrujillo.com\/index.php?rest_route=\/wp\/v2\/posts"}],"about":[{"href":"https:\/\/ciudadtrujillo.com\/index.php?rest_route=\/wp\/v2\/types\/post"}],"author":[{"embeddable":true,"href":"https:\/\/ciudadtrujillo.com\/index.php?rest_route=\/wp\/v2\/users\/7"}],"replies":[{"embeddable":true,"href":"https:\/\/ciudadtrujillo.com\/index.php?rest_route=%2Fwp%2Fv2%2Fcomments&post=45939"}],"version-history":[{"count":1,"href":"https:\/\/ciudadtrujillo.com\/index.php?rest_route=\/wp\/v2\/posts\/45939\/revisions"}],"predecessor-version":[{"id":45941,"href":"https:\/\/ciudadtrujillo.com\/index.php?rest_route=\/wp\/v2\/posts\/45939\/revisions\/45941"}],"wp:attachment":[{"href":"https:\/\/ciudadtrujillo.com\/index.php?rest_route=%2Fwp%2Fv2%2Fmedia&parent=45939"}],"wp:term":[{"taxonomy":"category","embeddable":true,"href":"https:\/\/ciudadtrujillo.com\/index.php?rest_route=%2Fwp%2Fv2%2Fcategories&post=45939"},{"taxonomy":"post_tag","embeddable":true,"href":"https:\/\/ciudadtrujillo.com\/index.php?rest_route=%2Fwp%2Fv2%2Ftags&post=45939"}],"curies":[{"name":"wp","href":"https:\/\/api.w.org\/{rel}","templated":true}]}}