{"id":45935,"date":"2025-07-29T22:26:36","date_gmt":"2025-07-30T02:26:36","guid":{"rendered":"https:\/\/ciudadtrujillo.com\/?p=45935"},"modified":"2025-07-29T22:29:35","modified_gmt":"2025-07-30T02:29:35","slug":"alcaldes-y-concejales-de-trujillo-reciben-credenciales-del-consejo-nacional-electoral","status":"publish","type":"post","link":"https:\/\/ciudadtrujillo.com\/?p=45935","title":{"rendered":"Alcaldes y concejales de Trujillo reciben credenciales del Consejo Nacional Electoral"},"content":{"rendered":"<div dir=\"auto\" style=\"text-align: justify;\">Este martes, el Consejo Nacional Electoral (CNE) hizo entrega de las credenciales a los alcaldes y concejales electos en los comicios del pasado 27 de julio. En esta oportunidad los actos de proclamaci\u00f3n y adjudicaci\u00f3n se desarrollaron en los diferentes municipios de la entidad trujillana.<\/div>\n<div dir=\"auto\" style=\"text-align: justify;\"><\/div>\n<div dir=\"auto\" style=\"text-align: justify;\">El gobernador Gerardo M\u00e1rquez acompa\u00f1\u00f3 los actos en los municipios Trujillo, Valera, San Rafael de Carvajal y Motat\u00e1n. El mandatario regional enfatiz\u00f3 que la Revoluci\u00f3n ha tomado espacios en 18 de las 20 alcald\u00edas trujillanas, siendo la entidad una referencia de organizaci\u00f3n y liderazgo de base.<\/div>\n<div dir=\"auto\" style=\"text-align: justify;\"><\/div>\n<div dir=\"auto\" style=\"text-align: justify;\">Precisamente, en el municipio capital, el alcalde reelecto Carlos Ter\u00e1n, indic\u00f3 que Trujillo se viste de fiesta por la fuerza de la Revoluci\u00f3n. Record\u00f3 que tiene previsto para los trujillanos el parque Jos\u00e9 Gregorio Hern\u00e1ndez, adem\u00e1s manifest\u00f3 que entre los nuevos proyectos se llevar\u00e1 a cabo la recuperaci\u00f3n del centro de Trujillo y la creaci\u00f3n de un instituto para plazas y parques.<\/div>\n<div dir=\"auto\" style=\"text-align: justify;\"><\/div>\n<div dir=\"auto\" style=\"text-align: justify;\">Por su parte, la alcaldesa del municipio San Rafael de Carvajal, Milexi Albarr\u00e1n, enfatiz\u00f3 que el triunfo revolucionario se debe a la confianza depositada por el Poder Popular en el liderazgo del Presidente Nicol\u00e1s Maduro y del gobernador Gerardo M\u00e1rquez.<\/div>\n<div dir=\"auto\" style=\"text-align: justify;\"><\/div>\n<div dir=\"auto\" style=\"text-align: justify;\">Asimismo, en el municipio Motat\u00e1n, recibieron su acreditaci\u00f3n el alcalde Pablo Serrano y los concejales electos, en un acto en el que se ratific\u00f3 el compromiso de trabajar por el desarrollo de la Tierra de la ca\u00f1a, pi\u00f1a y tambor.<\/div>\n<div dir=\"auto\" style=\"text-align: justify;\"><\/div>\n<div dir=\"auto\" style=\"text-align: justify;\">En la Ciudad de las Siete Colinas, el alcalde Alfredy Moreno record\u00f3 que Valera renacer\u00e1 por el bienestar y la felicidad del pueblo, resaltando que trabajar\u00e1 de la mano del gobernador Gerardo M\u00e1rquez para impulsar el Estado Comunal en funci\u00f3n de profundizar en la participaci\u00f3n popular.<\/div>\n<div dir=\"auto\"><\/div>\n<div dir=\"auto\"><\/div>\n<div dir=\"auto\">\n<h6 dir=\"auto\">Ciudad Trujillo<\/h6>\n<h6 dir=\"auto\">Gr\u00e1ficas: DGPG<\/h6>\n<\/div>\n","protected":false},"excerpt":{"rendered":"<p>Este martes, el Consejo Nacional Electoral (CNE) hizo entrega de las credenciales a los alcaldes y concejales electos en los comicios del pasado 27 de julio. En esta oportunidad los&hellip; <\/p>\n","protected":false},"author":7,"featured_media":45937,"comment_status":"closed","ping_status":"closed","sticky":false,"template":"","format":"standard","meta":{"footnotes":""},"categories":[52,40],"tags":[],"class_list":["post-45935","post","type-post","status-publish","format-standard","has-post-thumbnail","hentry","category-destacadas","category-grantrujillo"],"_links":{"self":[{"href":"https:\/\/ciudadtrujillo.com\/index.php?rest_route=\/wp\/v2\/posts\/45935","targetHints":{"allow":["GET"]}}],"collection":[{"href":"https:\/\/ciudadtrujillo.com\/index.php?rest_route=\/wp\/v2\/posts"}],"about":[{"href":"https:\/\/ciudadtrujillo.com\/index.php?rest_route=\/wp\/v2\/types\/post"}],"author":[{"embeddable":true,"href":"https:\/\/ciudadtrujillo.com\/index.php?rest_route=\/wp\/v2\/users\/7"}],"replies":[{"embeddable":true,"href":"https:\/\/ciudadtrujillo.com\/index.php?rest_route=%2Fwp%2Fv2%2Fcomments&post=45935"}],"version-history":[{"count":1,"href":"https:\/\/ciudadtrujillo.com\/index.php?rest_route=\/wp\/v2\/posts\/45935\/revisions"}],"predecessor-version":[{"id":45938,"href":"https:\/\/ciudadtrujillo.com\/index.php?rest_route=\/wp\/v2\/posts\/45935\/revisions\/45938"}],"wp:featuredmedia":[{"embeddable":true,"href":"https:\/\/ciudadtrujillo.com\/index.php?rest_route=\/wp\/v2\/media\/45937"}],"wp:attachment":[{"href":"https:\/\/ciudadtrujillo.com\/index.php?rest_route=%2Fwp%2Fv2%2Fmedia&parent=45935"}],"wp:term":[{"taxonomy":"category","embeddable":true,"href":"https:\/\/ciudadtrujillo.com\/index.php?rest_route=%2Fwp%2Fv2%2Fcategories&post=45935"},{"taxonomy":"post_tag","embeddable":true,"href":"https:\/\/ciudadtrujillo.com\/index.php?rest_route=%2Fwp%2Fv2%2Ftags&post=45935"}],"curies":[{"name":"wp","href":"https:\/\/api.w.org\/{rel}","templated":true}]}}