{"id":45878,"date":"2025-07-28T22:37:24","date_gmt":"2025-07-29T02:37:24","guid":{"rendered":"https:\/\/ciudadtrujillo.com\/?p=45878"},"modified":"2025-07-28T22:37:24","modified_gmt":"2025-07-29T02:37:24","slug":"jefe-de-estado-llama-a-construir-un-gobierno-popular-desde-el-territorio","status":"publish","type":"post","link":"https:\/\/ciudadtrujillo.com\/?p=45878","title":{"rendered":"Jefe de Estado llama a construir un gobierno popular desde el territorio"},"content":{"rendered":"<p style=\"text-align: justify;\">El presidente de la Rep\u00fablica Bolivariana de Venezuela, Nicol\u00e1s Maduro Moros, hizo un llamado a profundizar la transformaci\u00f3n del Estado hacia un modelo de gobierno eminentemente popular, con mayor presencia en el territorio y menos dependencia del escritorio.<\/p>\n<p style=\"text-align: justify;\">Expres\u00f3 que el pa\u00eds debe avanzar hacia una etapa profunda y acelerada de construcci\u00f3n territorial, con trabajo directo en las comunidades. \u201cLo que viene ahora debe ser distinto, mejor. Pasar a una etapa de construcci\u00f3n de un gobierno eminentemente popular, menos escritorio y m\u00e1s territorio, debe ser una consigna en la pr\u00e1ctica. Ir mano a mano, calle a calle\u201d.<\/p>\n<p style=\"text-align: justify;\">El jefe de Estado destac\u00f3 que esta nueva fase representa un reto organizativo y pol\u00edtico. \u201cS\u00e9 que nosotros estamos preparados para esta nueva etapa territorial: en la base, con la base y para la base\u201d.<\/p>\n<p style=\"text-align: justify;\">En referencia a los recientes resultados electorales de este 27 de julio, el mandatario nacional se\u00f1al\u00f3 el crecimiento de las fuerzas revolucionarias, que pasaron de 210 a 285, mientras que la oposici\u00f3n disminuy\u00f3 de 125 a 50. \u201cPor algo ser\u00e1. Cada quien que saque sus conclusiones. Si quieren seguir pegados al fascismo y la mentira, all\u00e1 ellos. Pero los que se quieren unir para trabajar por la recuperaci\u00f3n y el desarrollo de Venezuela, vamos a unirnos. Bienvenidos todos y todas, hombres y mujeres de bien de Venezuela\u201d.<\/p>\n<p style=\"text-align: justify;\">Con este mensaje, el presidente Maduro reafirma su compromiso con el fortalecimiento del Poder Popular, la unidad nacional y el desarrollo soberano del pa\u00eds, como parte de una visi\u00f3n territorial que prioriza el contacto directo con el pueblo.<\/p>\n<p>&nbsp;<\/p>\n<p>&nbsp;<\/p>\n<h6>VTV<\/h6>\n","protected":false},"excerpt":{"rendered":"<p>El presidente de la Rep\u00fablica Bolivariana de Venezuela, Nicol\u00e1s Maduro Moros, hizo un llamado a profundizar la transformaci\u00f3n del Estado hacia un modelo de gobierno eminentemente popular, con mayor presencia&hellip; <\/p>\n","protected":false},"author":7,"featured_media":45879,"comment_status":"closed","ping_status":"closed","sticky":false,"template":"","format":"standard","meta":{"footnotes":""},"categories":[41],"tags":[],"class_list":["post-45878","post","type-post","status-publish","format-standard","has-post-thumbnail","hentry","category-pais"],"_links":{"self":[{"href":"https:\/\/ciudadtrujillo.com\/index.php?rest_route=\/wp\/v2\/posts\/45878","targetHints":{"allow":["GET"]}}],"collection":[{"href":"https:\/\/ciudadtrujillo.com\/index.php?rest_route=\/wp\/v2\/posts"}],"about":[{"href":"https:\/\/ciudadtrujillo.com\/index.php?rest_route=\/wp\/v2\/types\/post"}],"author":[{"embeddable":true,"href":"https:\/\/ciudadtrujillo.com\/index.php?rest_route=\/wp\/v2\/users\/7"}],"replies":[{"embeddable":true,"href":"https:\/\/ciudadtrujillo.com\/index.php?rest_route=%2Fwp%2Fv2%2Fcomments&post=45878"}],"version-history":[{"count":1,"href":"https:\/\/ciudadtrujillo.com\/index.php?rest_route=\/wp\/v2\/posts\/45878\/revisions"}],"predecessor-version":[{"id":45880,"href":"https:\/\/ciudadtrujillo.com\/index.php?rest_route=\/wp\/v2\/posts\/45878\/revisions\/45880"}],"wp:featuredmedia":[{"embeddable":true,"href":"https:\/\/ciudadtrujillo.com\/index.php?rest_route=\/wp\/v2\/media\/45879"}],"wp:attachment":[{"href":"https:\/\/ciudadtrujillo.com\/index.php?rest_route=%2Fwp%2Fv2%2Fmedia&parent=45878"}],"wp:term":[{"taxonomy":"category","embeddable":true,"href":"https:\/\/ciudadtrujillo.com\/index.php?rest_route=%2Fwp%2Fv2%2Fcategories&post=45878"},{"taxonomy":"post_tag","embeddable":true,"href":"https:\/\/ciudadtrujillo.com\/index.php?rest_route=%2Fwp%2Fv2%2Ftags&post=45878"}],"curies":[{"name":"wp","href":"https:\/\/api.w.org\/{rel}","templated":true}]}}