{"id":45875,"date":"2025-07-28T22:35:05","date_gmt":"2025-07-29T02:35:05","guid":{"rendered":"https:\/\/ciudadtrujillo.com\/?p=45875"},"modified":"2025-07-28T22:35:05","modified_gmt":"2025-07-29T02:35:05","slug":"gobierno-bolivariano-superviso-operatividad-y-mantenimiento-de-la-planta-termoelectrica-en-monay","status":"publish","type":"post","link":"https:\/\/ciudadtrujillo.com\/?p=45875","title":{"rendered":"Gobierno Bolivariano supervis\u00f3 operatividad y mantenimiento de la planta Termoel\u00e9ctrica en Monay"},"content":{"rendered":"<p style=\"text-align: justify;\">El Gobierno Bolivariano, liderado por el Presidente Nicol\u00e1s Maduro, avanza en las labores para fortalecer el servicio el\u00e9ctrico en el estado Trujillo. As\u00ed lo constat\u00f3 el ministro del Poder Popular para la Energ\u00eda El\u00e9ctrica, Jorge M\u00e1rquez, durante una inspecci\u00f3n realizada a la Planta Termoel\u00e9ctrica Monay, ubicada en el sector Las Llanadas de la entidad trujillana.<\/p>\n<p style=\"text-align: justify;\">Durante esta jornada, se verificaron los adelantos en la instalaci\u00f3n de nuevos componentes de generaci\u00f3n t\u00e9rmica, as\u00ed como la rehabilitaci\u00f3n y mantenimiento de unidades existentes que permitir\u00e1n incrementar la capacidad instalada de esta infraestructura el\u00e9ctrica.<\/p>\n<p style=\"text-align: justify;\">La operatividad de esta planta, ser\u00e1 supervisada en los pr\u00f3ximos d\u00edas por el personal t\u00e9cnico especializado de Corpoelec, reflejando as\u00ed el compromiso de los trabajadores para optimizar el rendimiento en los procesos de generaci\u00f3n y garantizar una respuesta m\u00e1s eficiente ante la creciente demanda energ\u00e9tica de la regi\u00f3n.<\/p>\n<p style=\"text-align: justify;\">El ministro M\u00e1rquez estuvo acompa\u00f1ado por el presidente de la Corporaci\u00f3n El\u00e9ctrica Nacional (Corpoelec), Jos\u00e9 Luis Betancourt, el gobernador del estado Trujillo, Gerardo M\u00e1rquez, as\u00ed como tambi\u00e9n de los trabajadores y trabajadoras de la estatal el\u00e9ctrica.<\/p>\n<p>&nbsp;<\/p>\n<p>&nbsp;<\/p>\n<h6>Prensa MPPEE-CORPOELEC<\/h6>\n","protected":false},"excerpt":{"rendered":"<p>El Gobierno Bolivariano, liderado por el Presidente Nicol\u00e1s Maduro, avanza en las labores para fortalecer el servicio el\u00e9ctrico en el estado Trujillo. As\u00ed lo constat\u00f3 el ministro del Poder Popular&hellip; <\/p>\n","protected":false},"author":7,"featured_media":45876,"comment_status":"closed","ping_status":"closed","sticky":false,"template":"","format":"standard","meta":{"footnotes":""},"categories":[40],"tags":[],"class_list":["post-45875","post","type-post","status-publish","format-standard","has-post-thumbnail","hentry","category-grantrujillo"],"_links":{"self":[{"href":"https:\/\/ciudadtrujillo.com\/index.php?rest_route=\/wp\/v2\/posts\/45875","targetHints":{"allow":["GET"]}}],"collection":[{"href":"https:\/\/ciudadtrujillo.com\/index.php?rest_route=\/wp\/v2\/posts"}],"about":[{"href":"https:\/\/ciudadtrujillo.com\/index.php?rest_route=\/wp\/v2\/types\/post"}],"author":[{"embeddable":true,"href":"https:\/\/ciudadtrujillo.com\/index.php?rest_route=\/wp\/v2\/users\/7"}],"replies":[{"embeddable":true,"href":"https:\/\/ciudadtrujillo.com\/index.php?rest_route=%2Fwp%2Fv2%2Fcomments&post=45875"}],"version-history":[{"count":1,"href":"https:\/\/ciudadtrujillo.com\/index.php?rest_route=\/wp\/v2\/posts\/45875\/revisions"}],"predecessor-version":[{"id":45877,"href":"https:\/\/ciudadtrujillo.com\/index.php?rest_route=\/wp\/v2\/posts\/45875\/revisions\/45877"}],"wp:featuredmedia":[{"embeddable":true,"href":"https:\/\/ciudadtrujillo.com\/index.php?rest_route=\/wp\/v2\/media\/45876"}],"wp:attachment":[{"href":"https:\/\/ciudadtrujillo.com\/index.php?rest_route=%2Fwp%2Fv2%2Fmedia&parent=45875"}],"wp:term":[{"taxonomy":"category","embeddable":true,"href":"https:\/\/ciudadtrujillo.com\/index.php?rest_route=%2Fwp%2Fv2%2Fcategories&post=45875"},{"taxonomy":"post_tag","embeddable":true,"href":"https:\/\/ciudadtrujillo.com\/index.php?rest_route=%2Fwp%2Fv2%2Ftags&post=45875"}],"curies":[{"name":"wp","href":"https:\/\/api.w.org\/{rel}","templated":true}]}}