{"id":45869,"date":"2025-07-28T22:29:01","date_gmt":"2025-07-29T02:29:01","guid":{"rendered":"https:\/\/ciudadtrujillo.com\/?p=45869"},"modified":"2025-07-28T22:29:01","modified_gmt":"2025-07-29T02:29:01","slug":"seleccion-nacional-de-voleibol-participara-en-copa-panamericana-en-guatemala","status":"publish","type":"post","link":"https:\/\/ciudadtrujillo.com\/?p=45869","title":{"rendered":"Selecci\u00f3n nacional de Voleibol participar\u00e1 en Copa Panamericana en Guatemala"},"content":{"rendered":"<p style=\"text-align: justify;\">La selecci\u00f3n venezolana masculina de voleibol participar\u00e1 este martes 29 de julio en la Copa Panamericana sub-23 Norceca, que se llevar\u00e1 a cabo en Guatemala hasta el 3 de agosto.<\/p>\n<p style=\"text-align: justify;\">La Copa Panamericana re\u00fane a ocho selecciones nacionales pertenecientes a las confederaciones Norte, Centroam\u00e9rica y Caribe (Norceca) y Suramericana (CSV) de Voleibol, que competir\u00e1n por el t\u00edtulo y por los cupos al Campeonato Continental Norceca sub-23 Masculino 2026.<\/p>\n<p style=\"text-align: justify;\">Venezuela se encuentra en el Grupo A junto a Guatemala, Costa Rica y Surinam, mientras que el Grupo B lo conforman Estados Unidos, M\u00e9xico, Dominicana y Belice.<\/p>\n<p style=\"text-align: justify;\">La fase de grupos inicia este martes con cuatro encuentros diarios, seguida por los cuartos de final el viernes primero, semifinales el s\u00e1bado 2 y las definiciones por las medallas el domingo 3.<\/p>\n<p style=\"text-align: justify;\">El conjunto criollo estar\u00e1 bajo la direcci\u00f3n t\u00e9cnica de el profesor Yani Capuzzi, quien se\u00f1al\u00f3 que esta competencia forma parte de la preparaci\u00f3n de los jugadores que posteriormente participar\u00e1n en la Copa Panamericana sub-21, a realizarse del 3 al 8 de agosto en Canad\u00e1.<\/p>\n<p style=\"text-align: justify;\">\u00abEste tipo de encuentros es fundamental, ya que nos permite evaluar las capacidades de los jugadores en situaciones reales de juego. Tenemos programado disputar entre 10 y 12 partidos antes de ir a Canad\u00e1, lo cual ser\u00e1 clave para su desarrollo t\u00e1ctico y f\u00edsico\u00bb, detall\u00f3 el estratega.<\/p>\n<p style=\"text-align: justify;\">Adem\u00e1s, acot\u00f3 que estas dos competencias sirven como roce competitivo clave para la selecci\u00f3n que representar\u00e1 a Venezuela en los Juegos Bolivarianos Lima-Ayacucho 2025.<\/p>\n<p>&nbsp;<\/p>\n<p>&nbsp;<\/p>\n<h6>VTV<\/h6>\n","protected":false},"excerpt":{"rendered":"<p>La selecci\u00f3n venezolana masculina de voleibol participar\u00e1 este martes 29 de julio en la Copa Panamericana sub-23 Norceca, que se llevar\u00e1 a cabo en Guatemala hasta el 3 de agosto.&hellip; <\/p>\n","protected":false},"author":7,"featured_media":45870,"comment_status":"closed","ping_status":"closed","sticky":false,"template":"","format":"standard","meta":{"footnotes":""},"categories":[44],"tags":[],"class_list":["post-45869","post","type-post","status-publish","format-standard","has-post-thumbnail","hentry","category-deportes"],"_links":{"self":[{"href":"https:\/\/ciudadtrujillo.com\/index.php?rest_route=\/wp\/v2\/posts\/45869","targetHints":{"allow":["GET"]}}],"collection":[{"href":"https:\/\/ciudadtrujillo.com\/index.php?rest_route=\/wp\/v2\/posts"}],"about":[{"href":"https:\/\/ciudadtrujillo.com\/index.php?rest_route=\/wp\/v2\/types\/post"}],"author":[{"embeddable":true,"href":"https:\/\/ciudadtrujillo.com\/index.php?rest_route=\/wp\/v2\/users\/7"}],"replies":[{"embeddable":true,"href":"https:\/\/ciudadtrujillo.com\/index.php?rest_route=%2Fwp%2Fv2%2Fcomments&post=45869"}],"version-history":[{"count":1,"href":"https:\/\/ciudadtrujillo.com\/index.php?rest_route=\/wp\/v2\/posts\/45869\/revisions"}],"predecessor-version":[{"id":45871,"href":"https:\/\/ciudadtrujillo.com\/index.php?rest_route=\/wp\/v2\/posts\/45869\/revisions\/45871"}],"wp:featuredmedia":[{"embeddable":true,"href":"https:\/\/ciudadtrujillo.com\/index.php?rest_route=\/wp\/v2\/media\/45870"}],"wp:attachment":[{"href":"https:\/\/ciudadtrujillo.com\/index.php?rest_route=%2Fwp%2Fv2%2Fmedia&parent=45869"}],"wp:term":[{"taxonomy":"category","embeddable":true,"href":"https:\/\/ciudadtrujillo.com\/index.php?rest_route=%2Fwp%2Fv2%2Fcategories&post=45869"},{"taxonomy":"post_tag","embeddable":true,"href":"https:\/\/ciudadtrujillo.com\/index.php?rest_route=%2Fwp%2Fv2%2Ftags&post=45869"}],"curies":[{"name":"wp","href":"https:\/\/api.w.org\/{rel}","templated":true}]}}