{"id":45856,"date":"2025-07-28T06:14:28","date_gmt":"2025-07-28T10:14:28","guid":{"rendered":"https:\/\/ciudadtrujillo.com\/?p=45856"},"modified":"2025-07-28T06:14:28","modified_gmt":"2025-07-28T10:14:28","slug":"carlos-teran-es-reelecto-como-alcalde-del-municipio-trujillo-por-el-gppsb","status":"publish","type":"post","link":"https:\/\/ciudadtrujillo.com\/?p=45856","title":{"rendered":"Carlos Ter\u00e1n es reelecto como alcalde del municipio Trujillo por el GPPSB"},"content":{"rendered":"<p style=\"text-align: justify;\">El presidente del Consejo Nacional Electoral, Elvis Amoroso, ofreci\u00f3 un balance de la jornada comicial de este domingo 27 de julio, destacando la participaci\u00f3n activa del pueblo que asisti\u00f3 a las urnas a ejercer su derecho al voto.<\/p>\n<p style=\"text-align: justify;\">En el caso del estado Trujillo, indic\u00f3 que en el municipio capital result\u00f3 reelecto Carlos Ter\u00e1n por el Gran Polo Patri\u00f3tico \u00abSim\u00f3n Bol\u00edvar\u00bb obteniendo el 86,66% de apoyo con 9 mil 714 votos.<\/p>\n<p style=\"text-align: justify;\">El \u00e1rbitro electoral destac\u00f3 la atenci\u00f3n del pueblo al llamado a participar en la fiesta comicial, siendo una de las jurisdicciones donde se reflej\u00f3 importante asistencia de votantes con el 86,16% de participaci\u00f3n.<\/p>\n<p>&nbsp;<\/p>\n<p>&nbsp;<\/p>\n<h6>Ciudad Trujillo<\/h6>\n<h6>Gr\u00e1ficas: DGPG<\/h6>\n","protected":false},"excerpt":{"rendered":"<p>El presidente del Consejo Nacional Electoral, Elvis Amoroso, ofreci\u00f3 un balance de la jornada comicial de este domingo 27 de julio, destacando la participaci\u00f3n activa del pueblo que asisti\u00f3 a&hellip; <\/p>\n","protected":false},"author":7,"featured_media":45857,"comment_status":"closed","ping_status":"closed","sticky":false,"template":"","format":"standard","meta":{"footnotes":""},"categories":[40],"tags":[],"class_list":["post-45856","post","type-post","status-publish","format-standard","has-post-thumbnail","hentry","category-grantrujillo"],"_links":{"self":[{"href":"https:\/\/ciudadtrujillo.com\/index.php?rest_route=\/wp\/v2\/posts\/45856","targetHints":{"allow":["GET"]}}],"collection":[{"href":"https:\/\/ciudadtrujillo.com\/index.php?rest_route=\/wp\/v2\/posts"}],"about":[{"href":"https:\/\/ciudadtrujillo.com\/index.php?rest_route=\/wp\/v2\/types\/post"}],"author":[{"embeddable":true,"href":"https:\/\/ciudadtrujillo.com\/index.php?rest_route=\/wp\/v2\/users\/7"}],"replies":[{"embeddable":true,"href":"https:\/\/ciudadtrujillo.com\/index.php?rest_route=%2Fwp%2Fv2%2Fcomments&post=45856"}],"version-history":[{"count":1,"href":"https:\/\/ciudadtrujillo.com\/index.php?rest_route=\/wp\/v2\/posts\/45856\/revisions"}],"predecessor-version":[{"id":45860,"href":"https:\/\/ciudadtrujillo.com\/index.php?rest_route=\/wp\/v2\/posts\/45856\/revisions\/45860"}],"wp:featuredmedia":[{"embeddable":true,"href":"https:\/\/ciudadtrujillo.com\/index.php?rest_route=\/wp\/v2\/media\/45857"}],"wp:attachment":[{"href":"https:\/\/ciudadtrujillo.com\/index.php?rest_route=%2Fwp%2Fv2%2Fmedia&parent=45856"}],"wp:term":[{"taxonomy":"category","embeddable":true,"href":"https:\/\/ciudadtrujillo.com\/index.php?rest_route=%2Fwp%2Fv2%2Fcategories&post=45856"},{"taxonomy":"post_tag","embeddable":true,"href":"https:\/\/ciudadtrujillo.com\/index.php?rest_route=%2Fwp%2Fv2%2Ftags&post=45856"}],"curies":[{"name":"wp","href":"https:\/\/api.w.org\/{rel}","templated":true}]}}