{"id":45851,"date":"2025-07-27T23:26:24","date_gmt":"2025-07-28T03:26:24","guid":{"rendered":"https:\/\/ciudadtrujillo.com\/?p=45851"},"modified":"2025-07-28T06:01:50","modified_gmt":"2025-07-28T10:01:50","slug":"pueblo-marcha-este-lunes-en-honor-a-chavez-y-la-victoria-electoral-del-presidente-maduro","status":"publish","type":"post","link":"https:\/\/ciudadtrujillo.com\/?p=45851","title":{"rendered":"Venezuela marcha este lunes en honor a Ch\u00e1vez y la victoria electoral del presidente Maduro"},"content":{"rendered":"<p style=\"text-align: justify;\">En una jornada cargada de fervor patri\u00f3tico, miles de ciudadanos se movilizar\u00e1n hoy en Caracas para rendir homenaje al Comandante supremo Hugo Ch\u00e1vez en el 71 aniversario de su nacimiento, adem\u00e1s de celebrar la victoria electoral del Presidente de la Rep\u00fablica Bolivariana de Venezuela, Nicol\u00e1s Maduro, obtenida el 28 de julio de 2024.<\/p>\n<p style=\"text-align: justify;\">La marcha partir\u00e1 a la 1:00 p.m. desde PDVSA La Campi\u00f1a y recorrer\u00e1 las principales avenidas de la capital hasta llegar al Palacio de Miraflores, s\u00edmbolo del Poder Popular y sede del Ejecutivo nacional.<\/p>\n<p style=\"text-align: justify;\">La fecha del 28 de julio est\u00e1 profundamente arraigada en la memoria hist\u00f3rica del pa\u00eds. En ella confluyen dos momentos decisivos que marcaron el rumbo de la naci\u00f3n: el nacimiento de quien sembr\u00f3 la conciencia revolucionaria en el coraz\u00f3n del pueblo y la ratificaci\u00f3n del camino socialista mediante el voto popular. Es un d\u00eda que representa lucha, victoria y renovaci\u00f3n del compromiso colectivo con la justicia social y la soberan\u00eda nacional.<\/p>\n<p style=\"text-align: justify;\">Esta movilizaci\u00f3n no solo honra la historia, sino que proyecta el futuro. El pueblo venezolano, firme en sus convicciones, demuestra que la calle es un espacio de expresi\u00f3n leg\u00edtima, de defensa de sus conquistas y de reafirmaci\u00f3n del rumbo revolucionario. Con paso firme y esp\u00edritu combativo, Venezuela avanza unida hacia nuevos horizontes de dignidad, independencia y paz.<\/p>\n<p style=\"text-align: justify;\">\n<p style=\"text-align: justify;\">\n<h6 style=\"text-align: justify;\">VTV<br \/>\nGr\u00e1ficas: Cortes\u00eda<\/h6>\n","protected":false},"excerpt":{"rendered":"<p>En una jornada cargada de fervor patri\u00f3tico, miles de ciudadanos se movilizar\u00e1n hoy en Caracas para rendir homenaje al Comandante supremo Hugo Ch\u00e1vez en el 71 aniversario de su nacimiento,&hellip; <\/p>\n","protected":false},"author":7,"featured_media":45852,"comment_status":"closed","ping_status":"closed","sticky":false,"template":"","format":"standard","meta":{"footnotes":""},"categories":[41],"tags":[],"class_list":["post-45851","post","type-post","status-publish","format-standard","has-post-thumbnail","hentry","category-pais"],"_links":{"self":[{"href":"https:\/\/ciudadtrujillo.com\/index.php?rest_route=\/wp\/v2\/posts\/45851","targetHints":{"allow":["GET"]}}],"collection":[{"href":"https:\/\/ciudadtrujillo.com\/index.php?rest_route=\/wp\/v2\/posts"}],"about":[{"href":"https:\/\/ciudadtrujillo.com\/index.php?rest_route=\/wp\/v2\/types\/post"}],"author":[{"embeddable":true,"href":"https:\/\/ciudadtrujillo.com\/index.php?rest_route=\/wp\/v2\/users\/7"}],"replies":[{"embeddable":true,"href":"https:\/\/ciudadtrujillo.com\/index.php?rest_route=%2Fwp%2Fv2%2Fcomments&post=45851"}],"version-history":[{"count":3,"href":"https:\/\/ciudadtrujillo.com\/index.php?rest_route=\/wp\/v2\/posts\/45851\/revisions"}],"predecessor-version":[{"id":45855,"href":"https:\/\/ciudadtrujillo.com\/index.php?rest_route=\/wp\/v2\/posts\/45851\/revisions\/45855"}],"wp:featuredmedia":[{"embeddable":true,"href":"https:\/\/ciudadtrujillo.com\/index.php?rest_route=\/wp\/v2\/media\/45852"}],"wp:attachment":[{"href":"https:\/\/ciudadtrujillo.com\/index.php?rest_route=%2Fwp%2Fv2%2Fmedia&parent=45851"}],"wp:term":[{"taxonomy":"category","embeddable":true,"href":"https:\/\/ciudadtrujillo.com\/index.php?rest_route=%2Fwp%2Fv2%2Fcategories&post=45851"},{"taxonomy":"post_tag","embeddable":true,"href":"https:\/\/ciudadtrujillo.com\/index.php?rest_route=%2Fwp%2Fv2%2Ftags&post=45851"}],"curies":[{"name":"wp","href":"https:\/\/api.w.org\/{rel}","templated":true}]}}