{"id":45842,"date":"2025-07-27T22:28:51","date_gmt":"2025-07-28T02:28:51","guid":{"rendered":"https:\/\/ciudadtrujillo.com\/?p=45842"},"modified":"2025-07-27T22:28:51","modified_gmt":"2025-07-28T02:28:51","slug":"jorge-rodriguez-pueblo-venezolano-voto-con-esperanza-y-castigo-a-los-fascistas","status":"publish","type":"post","link":"https:\/\/ciudadtrujillo.com\/?p=45842","title":{"rendered":"Jorge Rodr\u00edguez: Pueblo venezolano vot\u00f3 con esperanza y castig\u00f3 a los fascistas"},"content":{"rendered":"<p style=\"text-align: justify;\">\u201cEl pueblo no solo vot\u00f3 por la esperanza sino tambi\u00e9n dio el voto castigo contra violentos y fascista, contra quienes piden sanciones, bloqueos y aplaudieron y felicitaron al gobierno de EE.UU. por la gracia de secuestrar a nuestros 252 j\u00f3venes y llevarlos al campo de concentraci\u00f3n de la rata de Nayib Bukele. Fueron castigados el d\u00eda de hoy\u201d, anunci\u00f3, este domingo, el jefe del Comando Unificado de campa\u00f1a Ven25+, Jorge Rodr\u00edguez, al t\u00e9rmino de la votaci\u00f3n nacional de los comicios para elegir nuevas autoridades en alcald\u00edas y concejos municipales, adem\u00e1s de la Consulta Nacional de la Juventud.<\/p>\n<p style=\"text-align: justify;\">\u201cDebemos esperar, porque nosotros somos respetuosos de las normas del CNE y la ley (\u2026) con paciencia y parsimonia esperaremos los resultados oficiales, pero existe la posibilidad de que estemos en presencia de la m\u00e1s grande victoria que la Revoluci\u00f3n Bolivariana haya obtenido en comicios municipales\u201d, agreg\u00f3, con una sonrisa que ilumin\u00f3 los rostros de quienes lo acompa\u00f1aron en las declaraciones ante los periodistas y la opini\u00f3n p\u00fablica venezolana e internacional.<\/p>\n<p style=\"text-align: justify;\">\u201cEsperamos a los resultados, el CNE dir\u00e1, explicar\u00e1 la raz\u00f3n de nuestro entusiasmo y nuestra sonrisa\u201d, agreg\u00f3 durante una rueda de prensa, para ofrecer un an\u00e1lisis de la exitosa jornada democr\u00e1tica.<\/p>\n<p>&nbsp;<\/p>\n<p>&nbsp;<\/p>\n<h6>VTV<\/h6>\n","protected":false},"excerpt":{"rendered":"<p>\u201cEl pueblo no solo vot\u00f3 por la esperanza sino tambi\u00e9n dio el voto castigo contra violentos y fascista, contra quienes piden sanciones, bloqueos y aplaudieron y felicitaron al gobierno de&hellip; <\/p>\n","protected":false},"author":7,"featured_media":45843,"comment_status":"closed","ping_status":"closed","sticky":false,"template":"","format":"standard","meta":{"footnotes":""},"categories":[41],"tags":[],"class_list":["post-45842","post","type-post","status-publish","format-standard","has-post-thumbnail","hentry","category-pais"],"_links":{"self":[{"href":"https:\/\/ciudadtrujillo.com\/index.php?rest_route=\/wp\/v2\/posts\/45842","targetHints":{"allow":["GET"]}}],"collection":[{"href":"https:\/\/ciudadtrujillo.com\/index.php?rest_route=\/wp\/v2\/posts"}],"about":[{"href":"https:\/\/ciudadtrujillo.com\/index.php?rest_route=\/wp\/v2\/types\/post"}],"author":[{"embeddable":true,"href":"https:\/\/ciudadtrujillo.com\/index.php?rest_route=\/wp\/v2\/users\/7"}],"replies":[{"embeddable":true,"href":"https:\/\/ciudadtrujillo.com\/index.php?rest_route=%2Fwp%2Fv2%2Fcomments&post=45842"}],"version-history":[{"count":1,"href":"https:\/\/ciudadtrujillo.com\/index.php?rest_route=\/wp\/v2\/posts\/45842\/revisions"}],"predecessor-version":[{"id":45844,"href":"https:\/\/ciudadtrujillo.com\/index.php?rest_route=\/wp\/v2\/posts\/45842\/revisions\/45844"}],"wp:featuredmedia":[{"embeddable":true,"href":"https:\/\/ciudadtrujillo.com\/index.php?rest_route=\/wp\/v2\/media\/45843"}],"wp:attachment":[{"href":"https:\/\/ciudadtrujillo.com\/index.php?rest_route=%2Fwp%2Fv2%2Fmedia&parent=45842"}],"wp:term":[{"taxonomy":"category","embeddable":true,"href":"https:\/\/ciudadtrujillo.com\/index.php?rest_route=%2Fwp%2Fv2%2Fcategories&post=45842"},{"taxonomy":"post_tag","embeddable":true,"href":"https:\/\/ciudadtrujillo.com\/index.php?rest_route=%2Fwp%2Fv2%2Ftags&post=45842"}],"curies":[{"name":"wp","href":"https:\/\/api.w.org\/{rel}","templated":true}]}}