{"id":45799,"date":"2025-07-23T23:16:43","date_gmt":"2025-07-24T03:16:43","guid":{"rendered":"https:\/\/ciudadtrujillo.com\/?p=45799"},"modified":"2025-07-23T23:17:11","modified_gmt":"2025-07-24T03:17:11","slug":"certifican-349-participantes-de-la-escuela-para-el-emprendimiento-carmen-sanchez-de-jelambi","status":"publish","type":"post","link":"https:\/\/ciudadtrujillo.com\/?p=45799","title":{"rendered":"Certifican 349 participantes de la Escuela para el Emprendimiento Carmen S\u00e1nchez de Jelambi"},"content":{"rendered":"<p style=\"text-align: justify;\">Con una muestra productiva que dio cuenta de su avance, 349 participantes de la Escuela para el Emprendimiento \u201cCarmen S\u00e1nchez de Jelambi\u201d, recibieron su certificado de culminaci\u00f3n, en una encuentro con calor humano que evidenci\u00f3 el compromiso de la instituci\u00f3n con la calidad formativa del municipio Valera.<\/p>\n<p style=\"text-align: justify;\">En este sentido, Jos\u00e9 Torres, responsable de la Plataforma de Artes Pl\u00e1sticas del Instituto de la Cultura y las Artes (Incaet), presidido por el profesor Tem\u00edstocles Cabezas Morales, felicit\u00f3 al personal directivo, administrativo y obrero por el trabajo desempe\u00f1ado, a los instructores por ser \u201cmaestros y formadores en las diferentes disciplinas\u201d y muy especialmente a cada uno de los egresados, dese\u00e1ndoles \u00e9xitos en sus futuros emprendimientos.<\/p>\n<p style=\"text-align: justify;\">Por otro lado, Eduardo Valecillos, director de la instituci\u00f3n emiti\u00f3 palabras de bienvenida y reconocimiento por el esfuerzo realizado, recordando que la instituci\u00f3n cuenta con 65 a\u00f1os de historia y arraigo en el coraz\u00f3n de la ciudad, capacitando a padres y madres de familia en diferentes especialidades, generando valor econ\u00f3mico y social.<\/p>\n<p style=\"text-align: justify;\">Adem\u00e1s, Valecillos explic\u00f3 que 349 participantes egresaron en distintas \u00e1reas, en un periodo de cuatro meses, en cursos espec\u00edficos como corte y costura b\u00e1sica, manicura y pedicura, peluquer\u00eda, barber\u00eda, cejas y pesta\u00f1as, trenzados y peinados, panader\u00eda, pasteler\u00eda, reposter\u00eda<\/p>\n<p style=\"text-align: justify;\">La jornada incluy\u00f3 la actuaci\u00f3n musical del vocalista Jonathan Vera y una serenata a cargo del Ministerio de M\u00fasica de la Escuela T\u00e9cnica Madre Rafols, la cual fue propicia para agradecer a Dios por los logros alcanzados.<\/p>\n<p style=\"text-align: justify;\">La Escuela para el Emprendimiento \u201cCarmen S\u00e1nchez de Jelambi\u201d, dio inicio al proceso de inscripci\u00f3n con la ampliaci\u00f3n de la oferta acad\u00e9mica, incorporando cursos innovadores que aportan al desarrollo productivo de la entidad.<\/p>\n<p style=\"text-align: justify;\">\n<p>&nbsp;<\/p>\n<p>&nbsp;<\/p>\n<h6>Prensa Incaet\/ Griselda Castellanos<\/h6>\n","protected":false},"excerpt":{"rendered":"<p>Con una muestra productiva que dio cuenta de su avance, 349 participantes de la Escuela para el Emprendimiento \u201cCarmen S\u00e1nchez de Jelambi\u201d, recibieron su certificado de culminaci\u00f3n, en una encuentro&hellip; <\/p>\n","protected":false},"author":7,"featured_media":45800,"comment_status":"closed","ping_status":"closed","sticky":false,"template":"","format":"standard","meta":{"footnotes":""},"categories":[40],"tags":[],"class_list":["post-45799","post","type-post","status-publish","format-standard","has-post-thumbnail","hentry","category-grantrujillo"],"_links":{"self":[{"href":"https:\/\/ciudadtrujillo.com\/index.php?rest_route=\/wp\/v2\/posts\/45799","targetHints":{"allow":["GET"]}}],"collection":[{"href":"https:\/\/ciudadtrujillo.com\/index.php?rest_route=\/wp\/v2\/posts"}],"about":[{"href":"https:\/\/ciudadtrujillo.com\/index.php?rest_route=\/wp\/v2\/types\/post"}],"author":[{"embeddable":true,"href":"https:\/\/ciudadtrujillo.com\/index.php?rest_route=\/wp\/v2\/users\/7"}],"replies":[{"embeddable":true,"href":"https:\/\/ciudadtrujillo.com\/index.php?rest_route=%2Fwp%2Fv2%2Fcomments&post=45799"}],"version-history":[{"count":2,"href":"https:\/\/ciudadtrujillo.com\/index.php?rest_route=\/wp\/v2\/posts\/45799\/revisions"}],"predecessor-version":[{"id":45802,"href":"https:\/\/ciudadtrujillo.com\/index.php?rest_route=\/wp\/v2\/posts\/45799\/revisions\/45802"}],"wp:featuredmedia":[{"embeddable":true,"href":"https:\/\/ciudadtrujillo.com\/index.php?rest_route=\/wp\/v2\/media\/45800"}],"wp:attachment":[{"href":"https:\/\/ciudadtrujillo.com\/index.php?rest_route=%2Fwp%2Fv2%2Fmedia&parent=45799"}],"wp:term":[{"taxonomy":"category","embeddable":true,"href":"https:\/\/ciudadtrujillo.com\/index.php?rest_route=%2Fwp%2Fv2%2Fcategories&post=45799"},{"taxonomy":"post_tag","embeddable":true,"href":"https:\/\/ciudadtrujillo.com\/index.php?rest_route=%2Fwp%2Fv2%2Ftags&post=45799"}],"curies":[{"name":"wp","href":"https:\/\/api.w.org\/{rel}","templated":true}]}}