{"id":45796,"date":"2025-07-23T23:14:56","date_gmt":"2025-07-24T03:14:56","guid":{"rendered":"https:\/\/ciudadtrujillo.com\/?p=45796"},"modified":"2025-07-23T23:14:56","modified_gmt":"2025-07-24T03:14:56","slug":"clavadistas-criollos-participaran-en-campeonato-mundial-de-natacion-este-25-jul","status":"publish","type":"post","link":"https:\/\/ciudadtrujillo.com\/?p=45796","title":{"rendered":"Clavadistas criollos participar\u00e1n en Campeonato Mundial de Nataci\u00f3n este 25-Jul"},"content":{"rendered":"<p style=\"text-align: justify;\">La selecci\u00f3n venezolana de saltos ornamentales iniciar\u00e1 el pr\u00f3ximo viernes 25 de julio su participaci\u00f3n en el Campeonato Mundial de Nataci\u00f3n 2025 en Singapur, evento que culminar\u00e1 el 3 de agosto. La delegaci\u00f3n est\u00e1 conformada por los clavadistas Elizabeth P\u00e9rez, con experiencia en dos Juegos Panamericanos; Jes\u00fas Gonz\u00e1lez, medallista de plata en salto de trampol\u00edn de tres metros en los Juegos BRICS 2024; y Juan Travieso, multimedallista continental.<\/p>\n<p style=\"text-align: justify;\">P\u00e9rez competir\u00e1 en la ronda preliminar femenina, mientras que Gonz\u00e1lez y Travieso participar\u00e1n el s\u00e1bado 26 y mi\u00e9rcoles 30 en la modalidad de trampol\u00edn de un metro y tres metros respectivamente. Adem\u00e1s, la dupla conformada por Gonz\u00e1lez y P\u00e9rez competir\u00e1 en la prueba de equipo mixto en plataforma de 3 y 10 metros.<\/p>\n<p style=\"text-align: justify;\">El primero de agosto, cerrar\u00e1 la participaci\u00f3n de Venezuela con Gonz\u00e1lez en la plataforma de 10 metros, prueba que finalizar\u00e1 a la presencia criolla en el mundial 2025. Este importante evento servir\u00e1 como fogueo competitivo para los atletas venezolanos, permitir\u00e1 sumar puntos al ranking internacional, y validar\u00e1 marcas previo la conformaci\u00f3n de la selecci\u00f3n nacional destinada a los Juegos Bolivarianos Lima-Ayacucho 2025, pautados del 22 de noviembre al 7 de diciembre.<\/p>\n<p style=\"text-align: justify;\">La delegaci\u00f3n viaj\u00f3 bajo la direcci\u00f3n t\u00e9cnica del entrenador Laurent P\u00e9rez, quien lidera el proceso de evaluaci\u00f3n de los atletas durante su paso por el campeonato, mientras que el delegado Felmar Garc\u00eda est\u00e1 a cargo de la coordinaci\u00f3n general del equipo en tierras asi\u00e1ticas.<\/p>\n<p>&nbsp;<\/p>\n<p>&nbsp;<\/p>\n<h6>\u00a0VTV<\/h6>\n","protected":false},"excerpt":{"rendered":"<p>La selecci\u00f3n venezolana de saltos ornamentales iniciar\u00e1 el pr\u00f3ximo viernes 25 de julio su participaci\u00f3n en el Campeonato Mundial de Nataci\u00f3n 2025 en Singapur, evento que culminar\u00e1 el 3 de&hellip; <\/p>\n","protected":false},"author":7,"featured_media":45797,"comment_status":"closed","ping_status":"closed","sticky":false,"template":"","format":"standard","meta":{"footnotes":""},"categories":[44],"tags":[],"class_list":["post-45796","post","type-post","status-publish","format-standard","has-post-thumbnail","hentry","category-deportes"],"_links":{"self":[{"href":"https:\/\/ciudadtrujillo.com\/index.php?rest_route=\/wp\/v2\/posts\/45796","targetHints":{"allow":["GET"]}}],"collection":[{"href":"https:\/\/ciudadtrujillo.com\/index.php?rest_route=\/wp\/v2\/posts"}],"about":[{"href":"https:\/\/ciudadtrujillo.com\/index.php?rest_route=\/wp\/v2\/types\/post"}],"author":[{"embeddable":true,"href":"https:\/\/ciudadtrujillo.com\/index.php?rest_route=\/wp\/v2\/users\/7"}],"replies":[{"embeddable":true,"href":"https:\/\/ciudadtrujillo.com\/index.php?rest_route=%2Fwp%2Fv2%2Fcomments&post=45796"}],"version-history":[{"count":1,"href":"https:\/\/ciudadtrujillo.com\/index.php?rest_route=\/wp\/v2\/posts\/45796\/revisions"}],"predecessor-version":[{"id":45798,"href":"https:\/\/ciudadtrujillo.com\/index.php?rest_route=\/wp\/v2\/posts\/45796\/revisions\/45798"}],"wp:featuredmedia":[{"embeddable":true,"href":"https:\/\/ciudadtrujillo.com\/index.php?rest_route=\/wp\/v2\/media\/45797"}],"wp:attachment":[{"href":"https:\/\/ciudadtrujillo.com\/index.php?rest_route=%2Fwp%2Fv2%2Fmedia&parent=45796"}],"wp:term":[{"taxonomy":"category","embeddable":true,"href":"https:\/\/ciudadtrujillo.com\/index.php?rest_route=%2Fwp%2Fv2%2Fcategories&post=45796"},{"taxonomy":"post_tag","embeddable":true,"href":"https:\/\/ciudadtrujillo.com\/index.php?rest_route=%2Fwp%2Fv2%2Ftags&post=45796"}],"curies":[{"name":"wp","href":"https:\/\/api.w.org\/{rel}","templated":true}]}}