{"id":45789,"date":"2025-07-23T23:09:02","date_gmt":"2025-07-24T03:09:02","guid":{"rendered":"https:\/\/ciudadtrujillo.com\/?p=45789"},"modified":"2025-07-23T23:10:08","modified_gmt":"2025-07-24T03:10:08","slug":"se-cumplen-242-anos-del-natalicio-de-el-libertador-simon-bolivar","status":"publish","type":"post","link":"https:\/\/ciudadtrujillo.com\/?p=45789","title":{"rendered":"Se cumplen 242 a\u00f1os del natalicio de El Libertador Sim\u00f3n Bol\u00edvar"},"content":{"rendered":"<p style=\"text-align: justify;\">Al cumplirse 242 a\u00f1os del nacimiento de El Libertador Sim\u00f3n Bol\u00edvar, los venezolanos recuerdan las proezas del Gigante de Am\u00e9rica. El Presidente Nicol\u00e1s Maduro record\u00f3 que la fuerza espiritual de Bol\u00edvar contin\u00faa empu\u00f1ando su bandera y espada para seguir defendiendo la democracia de esta Patria.<\/p>\n<p style=\"text-align: justify;\">El Libertador naci\u00f3 en Caracas, el 24 de julio de 1783, con el nombre de Sim\u00f3n Jos\u00e9 Antonio de la Sant\u00edsima Trinidad Bol\u00edvar Ponte y Palacios Blanco, esta figura de la historia universal dej\u00f3 un gran legado pol\u00edtico en los pa\u00edses latinoamericanos, por lo que es considerado el Hombre de Am\u00e9rica.<\/p>\n<p style=\"text-align: justify;\">En sus pensamientos, palabras y acciones, Bol\u00edvar reflejaba a un l\u00edder visionario a favor de la justicia, la igualdad, la libertad y la convivencia de los pueblos latinoamericanos para el desarrollo de la regi\u00f3n frente a los intereses hegem\u00f3nicos de las naciones poderosas, ideas que a\u00fan se mantienen vigentes y surgen en cantidades.<\/p>\n<p style=\"text-align: justify;\">En su honor y bajo sus ideales, el Comandante Hugo Ch\u00e1vez puso en marcha un proceso de cambios profundos en el \u00e1mbito social, pol\u00edtico, econ\u00f3mico y humano de Venezuela.<\/p>\n<p style=\"text-align: justify;\">Con la Revoluci\u00f3n Bolivariana lleg\u00f3 la esperanza para el pueblo y hoy m\u00e1s que nunca seguimos el sendero de esos dos gigantes que dejaron un legado hist\u00f3rico y huellas imborrables en los corazones de los pueblos del mundo.<\/p>\n<p>&nbsp;<\/p>\n<p>&nbsp;<\/p>\n<h6>VTV\/ Ciudad Trujillo<br \/>\nGr\u00e1ficas: Cortes\u00eda<\/h6>\n","protected":false},"excerpt":{"rendered":"<p>Al cumplirse 242 a\u00f1os del nacimiento de El Libertador Sim\u00f3n Bol\u00edvar, los venezolanos recuerdan las proezas del Gigante de Am\u00e9rica. El Presidente Nicol\u00e1s Maduro record\u00f3 que la fuerza espiritual de&hellip; <\/p>\n","protected":false},"author":7,"featured_media":45791,"comment_status":"closed","ping_status":"closed","sticky":false,"template":"","format":"standard","meta":{"footnotes":""},"categories":[41],"tags":[],"class_list":["post-45789","post","type-post","status-publish","format-standard","has-post-thumbnail","hentry","category-pais"],"_links":{"self":[{"href":"https:\/\/ciudadtrujillo.com\/index.php?rest_route=\/wp\/v2\/posts\/45789","targetHints":{"allow":["GET"]}}],"collection":[{"href":"https:\/\/ciudadtrujillo.com\/index.php?rest_route=\/wp\/v2\/posts"}],"about":[{"href":"https:\/\/ciudadtrujillo.com\/index.php?rest_route=\/wp\/v2\/types\/post"}],"author":[{"embeddable":true,"href":"https:\/\/ciudadtrujillo.com\/index.php?rest_route=\/wp\/v2\/users\/7"}],"replies":[{"embeddable":true,"href":"https:\/\/ciudadtrujillo.com\/index.php?rest_route=%2Fwp%2Fv2%2Fcomments&post=45789"}],"version-history":[{"count":2,"href":"https:\/\/ciudadtrujillo.com\/index.php?rest_route=\/wp\/v2\/posts\/45789\/revisions"}],"predecessor-version":[{"id":45792,"href":"https:\/\/ciudadtrujillo.com\/index.php?rest_route=\/wp\/v2\/posts\/45789\/revisions\/45792"}],"wp:featuredmedia":[{"embeddable":true,"href":"https:\/\/ciudadtrujillo.com\/index.php?rest_route=\/wp\/v2\/media\/45791"}],"wp:attachment":[{"href":"https:\/\/ciudadtrujillo.com\/index.php?rest_route=%2Fwp%2Fv2%2Fmedia&parent=45789"}],"wp:term":[{"taxonomy":"category","embeddable":true,"href":"https:\/\/ciudadtrujillo.com\/index.php?rest_route=%2Fwp%2Fv2%2Fcategories&post=45789"},{"taxonomy":"post_tag","embeddable":true,"href":"https:\/\/ciudadtrujillo.com\/index.php?rest_route=%2Fwp%2Fv2%2Ftags&post=45789"}],"curies":[{"name":"wp","href":"https:\/\/api.w.org\/{rel}","templated":true}]}}