{"id":45720,"date":"2025-07-20T22:27:14","date_gmt":"2025-07-21T02:27:14","guid":{"rendered":"https:\/\/ciudadtrujillo.com\/?p=45720"},"modified":"2025-07-20T22:27:14","modified_gmt":"2025-07-21T02:27:14","slug":"direccion-regional-el-nino-simon-regalo-un-dia-de-alegria-y-diversion","status":"publish","type":"post","link":"https:\/\/ciudadtrujillo.com\/?p=45720","title":{"rendered":"Direcci\u00f3n Regional \u00abEl Ni\u00f1o Sim\u00f3n\u00bb regal\u00f3 un d\u00eda de alegr\u00eda y diversi\u00f3n"},"content":{"rendered":"<p style=\"text-align: justify;\">M\u00e1s de 350 ni\u00f1os y ni\u00f1as disfrutaron de un d\u00eda de alegr\u00eda y diversi\u00f3n durante una actividad en el Foro Bolivariano de Valera, liderada por el gobernador Gerardo M\u00e1rquez y la primera combatiente, Reyna P\u00e9rez de M\u00e1rquez.<\/p>\n<p style=\"text-align: justify;\">Los agasajados pertenecen a las Casas de los Ni\u00f1os de los municipios Valera, Sucre y Rafael Rangel, adscritas a la Direcci\u00f3n Regional \u00abEl Ni\u00f1o Sim\u00f3n\u00bb Trujillo. La cita cont\u00f3 con la proyecci\u00f3n de la pel\u00edcula Lilo y Stitch que cautiv\u00f3 a grandes y peque\u00f1os.<\/p>\n<p style=\"text-align: justify;\">La actividad comenz\u00f3 a las 2:00pm y los ni\u00f1os fueron recibidos con una c\u00e1lida bienvenida y actividades recreativas que fomentaron la creatividad y el trabajo en equipo.<\/p>\n<p style=\"text-align: justify;\">Tambi\u00e9n disfrutaron de risas y aventuras en la pantalla grande, mientras aprend\u00edan sobre la importancia de la amistad, la solidaridad, el amor y la comprensi\u00f3n.<\/p>\n<p style=\"text-align: justify;\">En este sentido, P\u00e9rez de M\u00e1rquez indic\u00f3: \u201cEs un d\u00eda muy especial para todos nosotros, ver las sonrisas en los rostros de los ni\u00f1os es lo que m\u00e1s nos motiva, cada d\u00eda a seguir trabajando\u00bb.<\/p>\n<p style=\"text-align: justify;\">Al finalizar la pel\u00edcula, los ni\u00f1os tuvieron una sorpresa, con show de payasos, entretenimiento, golosinas y disfrutaron de perros calientes y cotillones.<\/p>\n<h3 style=\"text-align: justify;\">Regalando Sonrisas<\/h3>\n<p style=\"text-align: justify;\">En horas de la ma\u00f1ana, la primera combatiente, acompa\u00f1ada por el gobernador Gerardo M\u00e1rquez y su equipo de trabajo, visitaron las instalaciones del campamento de la Mesa Esnujaque, municipio Urdaneta, quienes llevaron alegr\u00eda con payasos y cotillones a los ni\u00f1os y ni\u00f1as que se encuentran all\u00ed, los cuales fueron afectados por las lluvias recientemente.<\/p>\n<p>&nbsp;<\/p>\n<p>&nbsp;<\/p>\n<h6>Prensa Drnstru \/ Karelis Dur\u00e1n<br \/>\nGr\u00e1ficas: DGPG<\/h6>\n","protected":false},"excerpt":{"rendered":"<p>M\u00e1s de 350 ni\u00f1os y ni\u00f1as disfrutaron de un d\u00eda de alegr\u00eda y diversi\u00f3n durante una actividad en el Foro Bolivariano de Valera, liderada por el gobernador Gerardo M\u00e1rquez y&hellip; <\/p>\n","protected":false},"author":7,"featured_media":45721,"comment_status":"closed","ping_status":"closed","sticky":false,"template":"","format":"standard","meta":{"footnotes":""},"categories":[40],"tags":[],"class_list":["post-45720","post","type-post","status-publish","format-standard","has-post-thumbnail","hentry","category-grantrujillo"],"_links":{"self":[{"href":"https:\/\/ciudadtrujillo.com\/index.php?rest_route=\/wp\/v2\/posts\/45720","targetHints":{"allow":["GET"]}}],"collection":[{"href":"https:\/\/ciudadtrujillo.com\/index.php?rest_route=\/wp\/v2\/posts"}],"about":[{"href":"https:\/\/ciudadtrujillo.com\/index.php?rest_route=\/wp\/v2\/types\/post"}],"author":[{"embeddable":true,"href":"https:\/\/ciudadtrujillo.com\/index.php?rest_route=\/wp\/v2\/users\/7"}],"replies":[{"embeddable":true,"href":"https:\/\/ciudadtrujillo.com\/index.php?rest_route=%2Fwp%2Fv2%2Fcomments&post=45720"}],"version-history":[{"count":1,"href":"https:\/\/ciudadtrujillo.com\/index.php?rest_route=\/wp\/v2\/posts\/45720\/revisions"}],"predecessor-version":[{"id":45722,"href":"https:\/\/ciudadtrujillo.com\/index.php?rest_route=\/wp\/v2\/posts\/45720\/revisions\/45722"}],"wp:featuredmedia":[{"embeddable":true,"href":"https:\/\/ciudadtrujillo.com\/index.php?rest_route=\/wp\/v2\/media\/45721"}],"wp:attachment":[{"href":"https:\/\/ciudadtrujillo.com\/index.php?rest_route=%2Fwp%2Fv2%2Fmedia&parent=45720"}],"wp:term":[{"taxonomy":"category","embeddable":true,"href":"https:\/\/ciudadtrujillo.com\/index.php?rest_route=%2Fwp%2Fv2%2Fcategories&post=45720"},{"taxonomy":"post_tag","embeddable":true,"href":"https:\/\/ciudadtrujillo.com\/index.php?rest_route=%2Fwp%2Fv2%2Ftags&post=45720"}],"curies":[{"name":"wp","href":"https:\/\/api.w.org\/{rel}","templated":true}]}}