{"id":45717,"date":"2025-07-20T22:25:30","date_gmt":"2025-07-21T02:25:30","guid":{"rendered":"https:\/\/ciudadtrujillo.com\/?p=45717"},"modified":"2025-07-20T22:25:30","modified_gmt":"2025-07-21T02:25:30","slug":"inauguran-parque-recreacional-deportivo-e-infantil-dr-cristobal-mendoza-en-escuque","status":"publish","type":"post","link":"https:\/\/ciudadtrujillo.com\/?p=45717","title":{"rendered":"Inauguran Parque Recreacional, Deportivo e Infantil \u00abDr. Crist\u00f3bal Mendoza\u00bb en Escuque"},"content":{"rendered":"<p style=\"text-align: justify;\">En el marco de la celebraci\u00f3n por el D\u00eda del Ni\u00f1o, est\u00e1 s\u00e1bado se llev\u00f3 a cabo la inauguraci\u00f3n del Parque Recreacional, Deportivo e Infantil \u00abDr. Crist\u00f3bal Mendoza\u00bb, perteneciente al Circuito Comunal Manuelita S\u00e1enz del municipio Escuque, cuya obra permitir\u00e1 el disfrute y sano esparcimiento de m\u00e1s de 800 ni\u00f1os y ni\u00f1as del punto y c\u00edrculo.<\/p>\n<p style=\"text-align: justify;\">As\u00ed lo inform\u00f3 el alcalde Ely Abreu, quien destac\u00f3 que el proyecto fue ejecutado con el apoyo del Cuerpo de Polic\u00eda del estado y el Gobierno Bolivariano de Trujillo, liderado por el My. Gerardo M\u00e1rquez. Precisamente, el mandatario regional encabez\u00f3 el mencionado acto, realizando un recorrido por todas las \u00e1reas de este espacio, adem\u00e1s de acompa\u00f1ar las actividades recreativas y la entrega de juguetes que se llev\u00f3 a cabo a prop\u00f3sito de la inauguraci\u00f3n.<\/p>\n<p style=\"text-align: justify;\">\u00abEste complejo servir\u00e1 para que nuestros ni\u00f1os tengan \u00e1reas deportivas y recreativas para sus actividades; uno se siente orgulloso de entregar a esta Tierra de Nubes obras como esta que van a favorecer en la cotidianidad del Semillero\u00bb, dijo el gobernador.<\/p>\n<p style=\"text-align: justify;\">Por su parte, Abreu se\u00f1al\u00f3 que este parque emblem\u00e1tico \u00abse inaugura gracias a la Revoluci\u00f3n Bolivariana\u00bb, al tiempo que lo calific\u00f3 como un espacio que promover\u00e1 la paz y el desarrollo integral de los ni\u00f1os y ni\u00f1as.<\/p>\n<p>&nbsp;<\/p>\n<p>&nbsp;<\/p>\n<h6>Yelimar Hidalgo<br \/>\nGr\u00e1ficas: DGPG<\/h6>\n","protected":false},"excerpt":{"rendered":"<p>En el marco de la celebraci\u00f3n por el D\u00eda del Ni\u00f1o, est\u00e1 s\u00e1bado se llev\u00f3 a cabo la inauguraci\u00f3n del Parque Recreacional, Deportivo e Infantil \u00abDr. Crist\u00f3bal Mendoza\u00bb, perteneciente al&hellip; <\/p>\n","protected":false},"author":7,"featured_media":45718,"comment_status":"closed","ping_status":"closed","sticky":false,"template":"","format":"standard","meta":{"footnotes":""},"categories":[40],"tags":[],"class_list":["post-45717","post","type-post","status-publish","format-standard","has-post-thumbnail","hentry","category-grantrujillo"],"_links":{"self":[{"href":"https:\/\/ciudadtrujillo.com\/index.php?rest_route=\/wp\/v2\/posts\/45717","targetHints":{"allow":["GET"]}}],"collection":[{"href":"https:\/\/ciudadtrujillo.com\/index.php?rest_route=\/wp\/v2\/posts"}],"about":[{"href":"https:\/\/ciudadtrujillo.com\/index.php?rest_route=\/wp\/v2\/types\/post"}],"author":[{"embeddable":true,"href":"https:\/\/ciudadtrujillo.com\/index.php?rest_route=\/wp\/v2\/users\/7"}],"replies":[{"embeddable":true,"href":"https:\/\/ciudadtrujillo.com\/index.php?rest_route=%2Fwp%2Fv2%2Fcomments&post=45717"}],"version-history":[{"count":1,"href":"https:\/\/ciudadtrujillo.com\/index.php?rest_route=\/wp\/v2\/posts\/45717\/revisions"}],"predecessor-version":[{"id":45719,"href":"https:\/\/ciudadtrujillo.com\/index.php?rest_route=\/wp\/v2\/posts\/45717\/revisions\/45719"}],"wp:featuredmedia":[{"embeddable":true,"href":"https:\/\/ciudadtrujillo.com\/index.php?rest_route=\/wp\/v2\/media\/45718"}],"wp:attachment":[{"href":"https:\/\/ciudadtrujillo.com\/index.php?rest_route=%2Fwp%2Fv2%2Fmedia&parent=45717"}],"wp:term":[{"taxonomy":"category","embeddable":true,"href":"https:\/\/ciudadtrujillo.com\/index.php?rest_route=%2Fwp%2Fv2%2Fcategories&post=45717"},{"taxonomy":"post_tag","embeddable":true,"href":"https:\/\/ciudadtrujillo.com\/index.php?rest_route=%2Fwp%2Fv2%2Ftags&post=45717"}],"curies":[{"name":"wp","href":"https:\/\/api.w.org\/{rel}","templated":true}]}}