{"id":45714,"date":"2025-07-20T22:21:53","date_gmt":"2025-07-21T02:21:53","guid":{"rendered":"https:\/\/ciudadtrujillo.com\/?p=45714"},"modified":"2025-07-20T22:21:53","modified_gmt":"2025-07-21T02:21:53","slug":"ascendidos-489-funcionarios-en-el-marco-del-dia-nacional-del-policia","status":"publish","type":"post","link":"https:\/\/ciudadtrujillo.com\/?p=45714","title":{"rendered":"Ascendidos 489 funcionarios en el marco del D\u00eda Nacional del Polic\u00eda"},"content":{"rendered":"<p style=\"text-align: justify;\">En el Domo Bolivariano del municipio de Valera, se llev\u00f3 a cabo el acto de ascenso de 489 funcionarios del Cuerpo Policial del estado Trujillo (CPET) y de la Polic\u00eda Nacional Bolivariana (PNB), en el marco del D\u00eda Nacional del Polic\u00eda.<\/p>\n<p style=\"text-align: justify;\">El evento cont\u00f3 con la presencia del Gobernador My. Gerardo M\u00e1rquez, el GD. Luis Ernesto Ram\u00edrez Delgado, segundo comandante y jefe de Estado Mayor de la Regi\u00f3n Estrat\u00e9gica de Defensa Integral (Redi) Nro. 2 Los Andes, el GD. Julio Y\u00e9pez Castro, secretario general de gobierno, y otras autoridades.<\/p>\n<p style=\"text-align: justify;\">Durante la actividad, el gobernador expres\u00f3 su agradecimiento a todos los funcionarios policiales por su trabajo diario y destac\u00f3 que \u00abVenezuela es un pa\u00eds que podemos decir que est\u00e1 en paz, gracias a los funcionarios de la PNB y a todos los organismos de seguridad\u00bb.<\/p>\n<p style=\"text-align: justify;\">Con este acto, se reconoci\u00f3 el valor y dedicaci\u00f3n de los ascensos funcionarios que se suman al esfuerzo por mantener la seguridad y tranquilidad en la regi\u00f3n.<\/p>\n<p>&nbsp;<\/p>\n<p>&nbsp;<\/p>\n<h6>Ciudad Trujillo<br \/>\nGr\u00e1ficas: DGPG<\/h6>\n","protected":false},"excerpt":{"rendered":"<p>En el Domo Bolivariano del municipio de Valera, se llev\u00f3 a cabo el acto de ascenso de 489 funcionarios del Cuerpo Policial del estado Trujillo (CPET) y de la Polic\u00eda&hellip; <\/p>\n","protected":false},"author":7,"featured_media":45715,"comment_status":"closed","ping_status":"closed","sticky":false,"template":"","format":"standard","meta":{"footnotes":""},"categories":[40],"tags":[],"class_list":["post-45714","post","type-post","status-publish","format-standard","has-post-thumbnail","hentry","category-grantrujillo"],"_links":{"self":[{"href":"https:\/\/ciudadtrujillo.com\/index.php?rest_route=\/wp\/v2\/posts\/45714","targetHints":{"allow":["GET"]}}],"collection":[{"href":"https:\/\/ciudadtrujillo.com\/index.php?rest_route=\/wp\/v2\/posts"}],"about":[{"href":"https:\/\/ciudadtrujillo.com\/index.php?rest_route=\/wp\/v2\/types\/post"}],"author":[{"embeddable":true,"href":"https:\/\/ciudadtrujillo.com\/index.php?rest_route=\/wp\/v2\/users\/7"}],"replies":[{"embeddable":true,"href":"https:\/\/ciudadtrujillo.com\/index.php?rest_route=%2Fwp%2Fv2%2Fcomments&post=45714"}],"version-history":[{"count":1,"href":"https:\/\/ciudadtrujillo.com\/index.php?rest_route=\/wp\/v2\/posts\/45714\/revisions"}],"predecessor-version":[{"id":45716,"href":"https:\/\/ciudadtrujillo.com\/index.php?rest_route=\/wp\/v2\/posts\/45714\/revisions\/45716"}],"wp:featuredmedia":[{"embeddable":true,"href":"https:\/\/ciudadtrujillo.com\/index.php?rest_route=\/wp\/v2\/media\/45715"}],"wp:attachment":[{"href":"https:\/\/ciudadtrujillo.com\/index.php?rest_route=%2Fwp%2Fv2%2Fmedia&parent=45714"}],"wp:term":[{"taxonomy":"category","embeddable":true,"href":"https:\/\/ciudadtrujillo.com\/index.php?rest_route=%2Fwp%2Fv2%2Fcategories&post=45714"},{"taxonomy":"post_tag","embeddable":true,"href":"https:\/\/ciudadtrujillo.com\/index.php?rest_route=%2Fwp%2Fv2%2Ftags&post=45714"}],"curies":[{"name":"wp","href":"https:\/\/api.w.org\/{rel}","templated":true}]}}