{"id":45542,"date":"2025-07-10T21:32:47","date_gmt":"2025-07-11T01:32:47","guid":{"rendered":"https:\/\/ciudadtrujillo.com\/?p=45542"},"modified":"2025-07-10T21:32:47","modified_gmt":"2025-07-11T01:32:47","slug":"ampliacion-de-via-comboco-villa-mercedes-de-urdaneta-avanza-en-un-80","status":"publish","type":"post","link":"https:\/\/ciudadtrujillo.com\/?p=45542","title":{"rendered":"Ampliaci\u00f3n de v\u00eda Comboco \u2013 Villa Mercedes de Urdaneta avanza en un 80%"},"content":{"rendered":"<p style=\"text-align: justify;\">En el tramo Comboco \u2013 Villa Mercedes, del municipio Urdaneta, avanzan los trabajos de ampliaci\u00f3n de la carretera con un adelanto de m\u00e1s del 80% de compactaci\u00f3n de la v\u00eda, inform\u00f3 el secretario sectorial de infraestructura de la Gobernaci\u00f3n de Trujillo, Ing. Henry Gonz\u00e1lez.<\/p>\n<p style=\"text-align: justify;\">\u201cSe estima colocar el asentamiento correspondiente, el filtro, la sub-base, para luego realizar el asfaltado respectivo con su demarcaci\u00f3n y as\u00ed permitir recuperar en su totalidad ese punto\u201d, indic\u00f3 Gonz\u00e1lez en relaci\u00f3n a las labores de recuperaci\u00f3n de esta v\u00eda afectada por las lluvias.<\/p>\n<p style=\"text-align: justify;\">Cabe destacar que la zona se mantiene desplegado el personal y la maquinaria tipo jumbo y retroexcavadora de la Empresa de Asfalto del estado Trujillo (Emastru) ejecutando trabajos de corte de talud para ampliaci\u00f3n de la carretera, conformaci\u00f3n vial, as\u00ed como empuje de material rocoso pesado para desviaci\u00f3n y canalizaci\u00f3n de r\u00edo Motat\u00e1n.<\/p>\n<p style=\"text-align: justify;\">\n<p style=\"text-align: justify;\">\n<p style=\"text-align: justify;\">Yelimar Hidalgo<\/p>\n","protected":false},"excerpt":{"rendered":"<p>En el tramo Comboco \u2013 Villa Mercedes, del municipio Urdaneta, avanzan los trabajos de ampliaci\u00f3n de la carretera con un adelanto de m\u00e1s del 80% de compactaci\u00f3n de la v\u00eda,&hellip; <\/p>\n","protected":false},"author":7,"featured_media":45543,"comment_status":"closed","ping_status":"closed","sticky":false,"template":"","format":"standard","meta":{"footnotes":""},"categories":[52,40],"tags":[],"class_list":["post-45542","post","type-post","status-publish","format-standard","has-post-thumbnail","hentry","category-destacadas","category-grantrujillo"],"_links":{"self":[{"href":"https:\/\/ciudadtrujillo.com\/index.php?rest_route=\/wp\/v2\/posts\/45542","targetHints":{"allow":["GET"]}}],"collection":[{"href":"https:\/\/ciudadtrujillo.com\/index.php?rest_route=\/wp\/v2\/posts"}],"about":[{"href":"https:\/\/ciudadtrujillo.com\/index.php?rest_route=\/wp\/v2\/types\/post"}],"author":[{"embeddable":true,"href":"https:\/\/ciudadtrujillo.com\/index.php?rest_route=\/wp\/v2\/users\/7"}],"replies":[{"embeddable":true,"href":"https:\/\/ciudadtrujillo.com\/index.php?rest_route=%2Fwp%2Fv2%2Fcomments&post=45542"}],"version-history":[{"count":1,"href":"https:\/\/ciudadtrujillo.com\/index.php?rest_route=\/wp\/v2\/posts\/45542\/revisions"}],"predecessor-version":[{"id":45544,"href":"https:\/\/ciudadtrujillo.com\/index.php?rest_route=\/wp\/v2\/posts\/45542\/revisions\/45544"}],"wp:featuredmedia":[{"embeddable":true,"href":"https:\/\/ciudadtrujillo.com\/index.php?rest_route=\/wp\/v2\/media\/45543"}],"wp:attachment":[{"href":"https:\/\/ciudadtrujillo.com\/index.php?rest_route=%2Fwp%2Fv2%2Fmedia&parent=45542"}],"wp:term":[{"taxonomy":"category","embeddable":true,"href":"https:\/\/ciudadtrujillo.com\/index.php?rest_route=%2Fwp%2Fv2%2Fcategories&post=45542"},{"taxonomy":"post_tag","embeddable":true,"href":"https:\/\/ciudadtrujillo.com\/index.php?rest_route=%2Fwp%2Fv2%2Ftags&post=45542"}],"curies":[{"name":"wp","href":"https:\/\/api.w.org\/{rel}","templated":true}]}}