{"id":45508,"date":"2025-07-09T19:29:05","date_gmt":"2025-07-09T23:29:05","guid":{"rendered":"https:\/\/ciudadtrujillo.com\/?p=45508"},"modified":"2025-07-09T19:29:05","modified_gmt":"2025-07-09T23:29:05","slug":"gobierno-de-trujillo-atiende-fallas-de-borde-en-tramo-valera-timotes","status":"publish","type":"post","link":"https:\/\/ciudadtrujillo.com\/?p=45508","title":{"rendered":"Gobierno de Trujillo atiende fallas de borde en tramo Valera &#8211; Timotes"},"content":{"rendered":"<p style=\"text-align: justify;\">El secretario sectorial de infraestructura, Ing. Henry Gonz\u00e1lez, inform\u00f3 sobre los trabajos de recuperaci\u00f3n vial que se desarrollan en la carretera Trasandina, espec\u00edficamente en el tramo Valera &#8211; Quebrada de Cuevas &#8211; Villa Mercedes \u2013 Timotes, cuya zona result\u00f3 afectada con las recientes precipitaciones que produjeron deslizamientos de rocas y sedimentos, as\u00ed como el aumento del caudal del r\u00edo Motat\u00e1n que origin\u00f3 10 fallas de borde.<\/p>\n<p style=\"text-align: justify;\">Indic\u00f3 que, actualmente, se desarrollan trabajos de ampliaci\u00f3n de la v\u00eda, acondicionando el paso para permitir el tr\u00e1nsito vehicular, principalmente de los productores de la localidad. Tambi\u00e9n se efect\u00faa la canalizaci\u00f3n y el desv\u00edo del r\u00edo Motat\u00e1n con el fin de iniciar la construcci\u00f3n de bermas que permitan garantizar el buen comportamiento del cauce para luego construir muros de sostenimiento a los taludes afectados; una vez realizadas estas acciones se proceder\u00e1 a recuperar la calzada de la v\u00eda con la colocaci\u00f3n de asfalto, demarcaci\u00f3n y colocaci\u00f3n de tachas reflectivas.<\/p>\n<p style=\"text-align: justify;\">Gonz\u00e1lez, recalc\u00f3 que se mantiene el paso controlado en el mencionado tramo, mientras el personal y la maquinaria desplegada realizan las labores de rehabilitaci\u00f3n respectivas. Detall\u00f3 que, a trav\u00e9s de la Fuerza de Tarea Andes 2025, el Agrupamiento de Infraestructura, conformado por instituciones nacionales y regionales, se activ\u00f3 desde el primer momento de las emergencias suscitadas por orientaciones del Presidente Nicol\u00e1s Maduro y el gobernador Gerardo M\u00e1rquez.<\/p>\n<h3 style=\"text-align: justify;\">Atenci\u00f3n en La Pedregosa<\/h3>\n<p style=\"text-align: justify;\">Con respecto a la p\u00e9rdida total del puente colgante peatonal en el sector La Pedregosa, municipio Valera, el ingeniero se\u00f1al\u00f3 que a trav\u00e9s de las Sala de Autogobierno se han coordinado acciones para la construcci\u00f3n de dicha estructura.<\/p>\n<p style=\"text-align: justify;\">Mencion\u00f3 que ya se adquirieron los materiales y ser\u00e1 elaborado en los talleres de herrer\u00eda de Emcontru, Finas y Ministerio de Transporte, mientras que en el territorio se realizar\u00e1 la construcci\u00f3n de las bases y anclajes para el soporte y estabilidad de tal estructura colgante, permitiendo el paso peatonal y motos, en aras de beneficiar a las familias de ese sector afectado.<\/p>\n<p style=\"text-align: justify;\">\n<p>&nbsp;<\/p>\n<p>&nbsp;<\/p>\n<h6>Yelimar Hidalgo<\/h6>\n","protected":false},"excerpt":{"rendered":"<p>El secretario sectorial de infraestructura, Ing. Henry Gonz\u00e1lez, inform\u00f3 sobre los trabajos de recuperaci\u00f3n vial que se desarrollan en la carretera Trasandina, espec\u00edficamente en el tramo Valera &#8211; Quebrada de&hellip; <\/p>\n","protected":false},"author":7,"featured_media":45509,"comment_status":"closed","ping_status":"closed","sticky":false,"template":"","format":"standard","meta":{"footnotes":""},"categories":[52,40],"tags":[],"class_list":["post-45508","post","type-post","status-publish","format-standard","has-post-thumbnail","hentry","category-destacadas","category-grantrujillo"],"_links":{"self":[{"href":"https:\/\/ciudadtrujillo.com\/index.php?rest_route=\/wp\/v2\/posts\/45508","targetHints":{"allow":["GET"]}}],"collection":[{"href":"https:\/\/ciudadtrujillo.com\/index.php?rest_route=\/wp\/v2\/posts"}],"about":[{"href":"https:\/\/ciudadtrujillo.com\/index.php?rest_route=\/wp\/v2\/types\/post"}],"author":[{"embeddable":true,"href":"https:\/\/ciudadtrujillo.com\/index.php?rest_route=\/wp\/v2\/users\/7"}],"replies":[{"embeddable":true,"href":"https:\/\/ciudadtrujillo.com\/index.php?rest_route=%2Fwp%2Fv2%2Fcomments&post=45508"}],"version-history":[{"count":1,"href":"https:\/\/ciudadtrujillo.com\/index.php?rest_route=\/wp\/v2\/posts\/45508\/revisions"}],"predecessor-version":[{"id":45510,"href":"https:\/\/ciudadtrujillo.com\/index.php?rest_route=\/wp\/v2\/posts\/45508\/revisions\/45510"}],"wp:featuredmedia":[{"embeddable":true,"href":"https:\/\/ciudadtrujillo.com\/index.php?rest_route=\/wp\/v2\/media\/45509"}],"wp:attachment":[{"href":"https:\/\/ciudadtrujillo.com\/index.php?rest_route=%2Fwp%2Fv2%2Fmedia&parent=45508"}],"wp:term":[{"taxonomy":"category","embeddable":true,"href":"https:\/\/ciudadtrujillo.com\/index.php?rest_route=%2Fwp%2Fv2%2Fcategories&post=45508"},{"taxonomy":"post_tag","embeddable":true,"href":"https:\/\/ciudadtrujillo.com\/index.php?rest_route=%2Fwp%2Fv2%2Ftags&post=45508"}],"curies":[{"name":"wp","href":"https:\/\/api.w.org\/{rel}","templated":true}]}}