{"id":45505,"date":"2025-07-09T19:18:50","date_gmt":"2025-07-09T23:18:50","guid":{"rendered":"https:\/\/ciudadtrujillo.com\/?p=45505"},"modified":"2025-07-09T19:18:50","modified_gmt":"2025-07-09T23:18:50","slug":"eeuu-sanciono-a-relatora-de-la-onu-por-acusar-a-israel-de-genocidio","status":"publish","type":"post","link":"https:\/\/ciudadtrujillo.com\/?p=45505","title":{"rendered":"EEUU sancion\u00f3 a relatora de la ONU por acusar a Israel de genocidio"},"content":{"rendered":"<p style=\"text-align: justify;\">El secretario de Estado de EEUU, Marco Rubio, anunci\u00f3 que ese pa\u00eds sancionar\u00e1 a la relatora de la ONU de Derechos Humanos, Francesca Albanese, quien recientemente acus\u00f3 al r\u00e9gimen sionista de Israel de cometer genocidio contra el pueblo palestino en la Franja de Gaza.<\/p>\n<p style=\"text-align: justify;\">Rubio justific\u00f3 la medida contra Albanese por considerar que hizo \u00abesfuerzos ileg\u00edtimos y vergonzosos para impulsar acciones en la Corte Penal Internacional (CPI) contra funcionarios, empresas y ejecutivos de EEUU e Israel\u00bb, a los que se\u00f1ala de ser c\u00f3mplices de este genocidio.<\/p>\n<p style=\"text-align: justify;\">El descendiente de migrantes cubanos, acus\u00f3 a la funcionaria de la ONU de sumarse a una campa\u00f1a de \u201cguerra pol\u00edtica y econ\u00f3mica\u201d contra Israel y EEUU, y ratific\u00f3 que Washington apoyar\u00e1 siempre a Israel en lo que considera su \u201cleg\u00edtima defensa\u201d, nombre con el que encubren la masacre al pueblo palestino.<\/p>\n<p style=\"text-align: justify;\">El funcionario estadounidense carg\u00f3 contra Albanese y dijo que su gobierno \u201cseguir\u00e1 tomando las medidas que consideremos necesarias para responder a la guerra legal y proteger nuestra soberan\u00eda y la de nuestros aliados\u201d.<\/p>\n<p style=\"text-align: justify;\">La denuncia de la ONU<br \/>\nRecientemente Francesca Albanese calific\u00f3 la situaci\u00f3n en la Franja de Gaza como una \u201csituaci\u00f3n apocal\u00edptica\u201d, y refiri\u00f3 que Israel es responsable \u00abpor uno de los genocidios m\u00e1s crueles de la historia moderna\u00bb.<\/p>\n<p style=\"text-align: justify;\">Revel\u00f3 que el genocidio en Gaza ya ha superado las 200 mil v\u00edctimas entre muertos y heridos, y cuestion\u00f3 que los que est\u00e1n en pie, est\u00e1n \u00absoportando un sufrimiento inimaginable\u00bb con Israel desmantelando la ayuda humanitaria de la ONU.<\/p>\n<p style=\"text-align: justify;\">\u00abSu llamada Fundaci\u00f3n Humanitaria de Gaza no es m\u00e1s que una trampa mortal dise\u00f1ada para matar o forzar la huida de una poblaci\u00f3n hambrienta y marcada para la eliminaci\u00f3n\u00bb, acus\u00f3 al tiempo que dijo que desde Israel se proyecta una \u00abeconom\u00eda del genocidio\u00bb.<\/p>\n<p style=\"text-align: justify;\">A\u00f1adi\u00f3 que \u00abIsrael ha utilizado el genocidio como una oportunidad para probar nuevas armas, personalizar vigilancia, (usar) drones letales, sistemas de radar y tecnolog\u00eda tripulada para exterminar a una poblaci\u00f3n sin restricci\u00f3n\u00bb.<\/p>\n<p style=\"text-align: justify;\">En 2024, Albanese hab\u00eda dicho que Gaza se hab\u00eda convertido en \u00abel mayor y m\u00e1s vergonzoso campo de concentraci\u00f3n del siglo XXI\u00bb. Hoy la situaci\u00f3n es mucho m\u00e1s dram\u00e1tica.<\/p>\n<p style=\"text-align: justify;\">La relatora de la ONU se suma de esta manera al coro de voces internacionales que deplora el genocidio que Israel comete en Gaza, pero que s\u00f3lo se queda en discursos mientras Tel Aviv sigue acabando con la esperanza del pueblo palestino.<\/p>\n<p>&nbsp;<\/p>\n<p>&nbsp;<\/p>\n<h6>\u00daltimas Noticias<\/h6>\n","protected":false},"excerpt":{"rendered":"<p>El secretario de Estado de EEUU, Marco Rubio, anunci\u00f3 que ese pa\u00eds sancionar\u00e1 a la relatora de la ONU de Derechos Humanos, Francesca Albanese, quien recientemente acus\u00f3 al r\u00e9gimen sionista&hellip; <\/p>\n","protected":false},"author":7,"featured_media":0,"comment_status":"closed","ping_status":"closed","sticky":false,"template":"","format":"standard","meta":{"footnotes":""},"categories":[1],"tags":[],"class_list":["post-45505","post","type-post","status-publish","format-standard","hentry","category-sin-categoria"],"_links":{"self":[{"href":"https:\/\/ciudadtrujillo.com\/index.php?rest_route=\/wp\/v2\/posts\/45505","targetHints":{"allow":["GET"]}}],"collection":[{"href":"https:\/\/ciudadtrujillo.com\/index.php?rest_route=\/wp\/v2\/posts"}],"about":[{"href":"https:\/\/ciudadtrujillo.com\/index.php?rest_route=\/wp\/v2\/types\/post"}],"author":[{"embeddable":true,"href":"https:\/\/ciudadtrujillo.com\/index.php?rest_route=\/wp\/v2\/users\/7"}],"replies":[{"embeddable":true,"href":"https:\/\/ciudadtrujillo.com\/index.php?rest_route=%2Fwp%2Fv2%2Fcomments&post=45505"}],"version-history":[{"count":1,"href":"https:\/\/ciudadtrujillo.com\/index.php?rest_route=\/wp\/v2\/posts\/45505\/revisions"}],"predecessor-version":[{"id":45507,"href":"https:\/\/ciudadtrujillo.com\/index.php?rest_route=\/wp\/v2\/posts\/45505\/revisions\/45507"}],"wp:attachment":[{"href":"https:\/\/ciudadtrujillo.com\/index.php?rest_route=%2Fwp%2Fv2%2Fmedia&parent=45505"}],"wp:term":[{"taxonomy":"category","embeddable":true,"href":"https:\/\/ciudadtrujillo.com\/index.php?rest_route=%2Fwp%2Fv2%2Fcategories&post=45505"},{"taxonomy":"post_tag","embeddable":true,"href":"https:\/\/ciudadtrujillo.com\/index.php?rest_route=%2Fwp%2Fv2%2Ftags&post=45505"}],"curies":[{"name":"wp","href":"https:\/\/api.w.org\/{rel}","templated":true}]}}