{"id":45502,"date":"2025-07-09T19:16:54","date_gmt":"2025-07-09T23:16:54","guid":{"rendered":"https:\/\/ciudadtrujillo.com\/?p=45502"},"modified":"2025-07-09T19:16:54","modified_gmt":"2025-07-09T23:16:54","slug":"venezuela-turkiye-y-arabia-saudita-fortalecen-alianzas-en-materia-energetica","status":"publish","type":"post","link":"https:\/\/ciudadtrujillo.com\/?p=45502","title":{"rendered":"Venezuela, T\u00fcrkiye y Arabia Saudita fortalecen alianzas en materia energ\u00e9tica"},"content":{"rendered":"<p style=\"text-align: justify;\">La vicepresidenta de Venezuela, Delcy Rodr\u00edguez sostuvo un encuentro con el ministro de Energ\u00eda de T\u00fcrkiye, Alparslan Bayraktar, para abordar diversas tem\u00e1ticas de inter\u00e9s bilateral y estrechar lazos de hermandad, bajo los principios de respeto mutuo y solidaridad.<\/p>\n<p style=\"text-align: justify;\">La reuni\u00f3n bilateral se realiza a prop\u00f3sito del 9\u00b0 Seminario Internacional de la Opep, desde el Palacio Imperial de Hofburg, en Viena, espacio propicio para fortalecer la cooperaci\u00f3n multilateral y compartir experiencias en materia de pol\u00edticas energ\u00e9ticas.<\/p>\n<p style=\"text-align: justify;\">A trav\u00e9s de su cuenta Telegram, la ministra Delcy Rodr\u00edguez inform\u00f3 que en esta reuni\u00f3n tambi\u00e9n \u00abrevisamos los planes conjuntos que hemos trazado en exploraci\u00f3n, producci\u00f3n y comercializaci\u00f3n de hidrocarburos\u00bb.<\/p>\n<p style=\"text-align: justify;\">Agreg\u00f3 en el post que \u00abcomo aliados estrat\u00e9gicos seguimos avanzando en nuestra cooperaci\u00f3n para el desarrollo de nuestros pueblos\u00bb.<\/p>\n<p style=\"text-align: justify;\">Cabe destacar que Venezuela y T\u00fcrkiye establecieron relaciones diplom\u00e1ticas en 1950, fortaleci\u00e9ndose con la llegada del Comandante Hugo Ch\u00e1vez a la Presidencia de la Rep\u00fablica, per\u00edodo en el cual adquieren car\u00e1cter de alto nivel.<\/p>\n<p style=\"text-align: justify;\">En a\u00f1os posteriores, se han profundizado las alianzas en \u00e1reas de defensa, miner\u00eda, energ\u00eda, transporte a\u00e9reo y mar\u00edtimo, as\u00ed como en econom\u00eda, juventud y deportes, comercio, finanzas, seguridad, educaci\u00f3n, cultura, ciencia y tecnolog\u00eda, turismo, pesca y acuicultura, comunicaci\u00f3n, agricultura, industria y salud.<\/p>\n<p style=\"text-align: justify;\">La vicepresidenta Ejecutiva de la Rep\u00fablica y ministra del Poder Popular de Hidrocarburos, Delcy Rodr\u00edguez indic\u00f3 Durante su intervenci\u00f3n en el 9\u00ba Seminario Internacional de la OPEP que Venezuela no debe ser excluida de la f\u00f3rmula energ\u00e9tica global, y pidi\u00f3 el cese de las agresiones a pa\u00edses exportadores energ\u00e9ticos.<\/p>\n<p style=\"text-align: justify;\">La Vicepresidenta Ejecutiva de la Rep\u00fablica Bolivariana de Venezuela y Ministra de Hidrocarburos, Delcy Rodr\u00edguez, tambi\u00e9n sostuvo reuni\u00f3n bilateral con el Ministro de Energ\u00eda de Arabia Saudita, Abdulaziz bin Salman Al Saud, con quien discuti\u00f3 la cooperaci\u00f3n dentro de la OPEP y OPEP+.<\/p>\n<p style=\"text-align: justify;\">Rodr\u00edguez dijo que durante el encuentro, se destac\u00f3 la cohesi\u00f3n y de la organizaci\u00f3n y funcionamiento del acuerdo OPEP plus en aras del equilibrio energ\u00e9tico internacional.<\/p>\n<p>&nbsp;<\/p>\n<p>&nbsp;<\/p>\n<h6>\u00daltimas Noticias<\/h6>\n","protected":false},"excerpt":{"rendered":"<p>La vicepresidenta de Venezuela, Delcy Rodr\u00edguez sostuvo un encuentro con el ministro de Energ\u00eda de T\u00fcrkiye, Alparslan Bayraktar, para abordar diversas tem\u00e1ticas de inter\u00e9s bilateral y estrechar lazos de hermandad,&hellip; <\/p>\n","protected":false},"author":7,"featured_media":45503,"comment_status":"closed","ping_status":"closed","sticky":false,"template":"","format":"standard","meta":{"footnotes":""},"categories":[41],"tags":[],"class_list":["post-45502","post","type-post","status-publish","format-standard","has-post-thumbnail","hentry","category-pais"],"_links":{"self":[{"href":"https:\/\/ciudadtrujillo.com\/index.php?rest_route=\/wp\/v2\/posts\/45502","targetHints":{"allow":["GET"]}}],"collection":[{"href":"https:\/\/ciudadtrujillo.com\/index.php?rest_route=\/wp\/v2\/posts"}],"about":[{"href":"https:\/\/ciudadtrujillo.com\/index.php?rest_route=\/wp\/v2\/types\/post"}],"author":[{"embeddable":true,"href":"https:\/\/ciudadtrujillo.com\/index.php?rest_route=\/wp\/v2\/users\/7"}],"replies":[{"embeddable":true,"href":"https:\/\/ciudadtrujillo.com\/index.php?rest_route=%2Fwp%2Fv2%2Fcomments&post=45502"}],"version-history":[{"count":1,"href":"https:\/\/ciudadtrujillo.com\/index.php?rest_route=\/wp\/v2\/posts\/45502\/revisions"}],"predecessor-version":[{"id":45504,"href":"https:\/\/ciudadtrujillo.com\/index.php?rest_route=\/wp\/v2\/posts\/45502\/revisions\/45504"}],"wp:featuredmedia":[{"embeddable":true,"href":"https:\/\/ciudadtrujillo.com\/index.php?rest_route=\/wp\/v2\/media\/45503"}],"wp:attachment":[{"href":"https:\/\/ciudadtrujillo.com\/index.php?rest_route=%2Fwp%2Fv2%2Fmedia&parent=45502"}],"wp:term":[{"taxonomy":"category","embeddable":true,"href":"https:\/\/ciudadtrujillo.com\/index.php?rest_route=%2Fwp%2Fv2%2Fcategories&post=45502"},{"taxonomy":"post_tag","embeddable":true,"href":"https:\/\/ciudadtrujillo.com\/index.php?rest_route=%2Fwp%2Fv2%2Ftags&post=45502"}],"curies":[{"name":"wp","href":"https:\/\/api.w.org\/{rel}","templated":true}]}}