{"id":45477,"date":"2025-07-08T21:19:55","date_gmt":"2025-07-09T01:19:55","guid":{"rendered":"https:\/\/ciudadtrujillo.com\/?p=45477"},"modified":"2025-07-08T21:19:55","modified_gmt":"2025-07-09T01:19:55","slug":"primera-combatiente-reyna-perez-de-marquez-inauguro-unidad-de-mamografia-en-hospital-rafael-rangel","status":"publish","type":"post","link":"https:\/\/ciudadtrujillo.com\/?p=45477","title":{"rendered":"Primera combatiente Reyna P\u00e9rez de M\u00e1rquez inaugur\u00f3 Unidad de Mamograf\u00eda en Hospital Rafael Rangel"},"content":{"rendered":"<p style=\"text-align: justify;\">Tras la reciente dotaci\u00f3n de un mam\u00f3graf\u00f3 al Hospital \u201cDr. Rafael Rangel\u201d del municipio Bocon\u00f3, la primera combatiente del estado, Lcda. Reyna P\u00e9rez de M\u00e1rquez, inaugur\u00f3 formalmente la Unidad de Mamograf\u00eda, destinada a la atenci\u00f3n de la poblaci\u00f3n femenina del Jard\u00edn de Venezuela.<\/p>\n<p style=\"text-align: justify;\">\u201cGracias al esfuerzo del gobernador Gerardo M\u00e1rquez, la ministra del Poder Popular para la Salud, Dra. Magaly Guti\u00e9rrez, y el presidente Nicol\u00e1s Maduro, hoy vemos concretado este gran proyecto para el municipio Bocon\u00f3\u201d, expres\u00f3 la Lcda. P\u00e9rez de M\u00e1rquez.<\/p>\n<p style=\"text-align: justify;\">Durante la jornada, la primera combatiente estuvo acompa\u00f1ada por la directora del centro de salud, Lcda. Naemy M\u00e1rquez, y dem\u00e1s autoridades, quienes realizaron un recorrido por las \u00e1reas asistenciales del hospital, verificando la operatividad de los servicios y la atenci\u00f3n brindada al pueblo.<\/p>\n<p>&nbsp;<\/p>\n<p>&nbsp;<\/p>\n<h6>Prensa Regional MPPS<br \/>\nGr\u00e1ficas: Mar\u00eda Fernanda Riera<\/h6>\n","protected":false},"excerpt":{"rendered":"<p>Tras la reciente dotaci\u00f3n de un mam\u00f3graf\u00f3 al Hospital \u201cDr. Rafael Rangel\u201d del municipio Bocon\u00f3, la primera combatiente del estado, Lcda. Reyna P\u00e9rez de M\u00e1rquez, inaugur\u00f3 formalmente la Unidad de&hellip; <\/p>\n","protected":false},"author":7,"featured_media":45478,"comment_status":"closed","ping_status":"closed","sticky":false,"template":"","format":"standard","meta":{"footnotes":""},"categories":[40],"tags":[],"class_list":["post-45477","post","type-post","status-publish","format-standard","has-post-thumbnail","hentry","category-grantrujillo"],"_links":{"self":[{"href":"https:\/\/ciudadtrujillo.com\/index.php?rest_route=\/wp\/v2\/posts\/45477","targetHints":{"allow":["GET"]}}],"collection":[{"href":"https:\/\/ciudadtrujillo.com\/index.php?rest_route=\/wp\/v2\/posts"}],"about":[{"href":"https:\/\/ciudadtrujillo.com\/index.php?rest_route=\/wp\/v2\/types\/post"}],"author":[{"embeddable":true,"href":"https:\/\/ciudadtrujillo.com\/index.php?rest_route=\/wp\/v2\/users\/7"}],"replies":[{"embeddable":true,"href":"https:\/\/ciudadtrujillo.com\/index.php?rest_route=%2Fwp%2Fv2%2Fcomments&post=45477"}],"version-history":[{"count":1,"href":"https:\/\/ciudadtrujillo.com\/index.php?rest_route=\/wp\/v2\/posts\/45477\/revisions"}],"predecessor-version":[{"id":45479,"href":"https:\/\/ciudadtrujillo.com\/index.php?rest_route=\/wp\/v2\/posts\/45477\/revisions\/45479"}],"wp:featuredmedia":[{"embeddable":true,"href":"https:\/\/ciudadtrujillo.com\/index.php?rest_route=\/wp\/v2\/media\/45478"}],"wp:attachment":[{"href":"https:\/\/ciudadtrujillo.com\/index.php?rest_route=%2Fwp%2Fv2%2Fmedia&parent=45477"}],"wp:term":[{"taxonomy":"category","embeddable":true,"href":"https:\/\/ciudadtrujillo.com\/index.php?rest_route=%2Fwp%2Fv2%2Fcategories&post=45477"},{"taxonomy":"post_tag","embeddable":true,"href":"https:\/\/ciudadtrujillo.com\/index.php?rest_route=%2Fwp%2Fv2%2Ftags&post=45477"}],"curies":[{"name":"wp","href":"https:\/\/api.w.org\/{rel}","templated":true}]}}