{"id":44688,"date":"2025-06-05T20:20:44","date_gmt":"2025-06-06T00:20:44","guid":{"rendered":"https:\/\/ciudadtrujillo.com\/?p=44688"},"modified":"2025-06-05T20:20:44","modified_gmt":"2025-06-06T00:20:44","slug":"mas-de-5-mil-plantas-fueron-establecidas-en-la-entidad-en-el-dia-mundial-del-ambiente","status":"publish","type":"post","link":"https:\/\/ciudadtrujillo.com\/?p=44688","title":{"rendered":"M\u00e1s de 5 mil plantas fueron establecidas en la entidad en el D\u00eda Mundial del Ambiente"},"content":{"rendered":"<p style=\"text-align: justify;\">Como parte del D\u00eda Mundial del Ambiente en diferentes puntos del territorio trujillano se realizaron jornadas simult\u00e1neas de reforestaci\u00f3n, formaci\u00f3n y recolecci\u00f3n de desechos, en las cuales se establecieron m\u00e1s de 5 mil plantas.<\/p>\n<p style=\"text-align: justify;\">Un punto estrat\u00e9gico fue la plaza Crist\u00f3bal Mendoza del municipio capital, en donde el director de la Unidad Territorial Ecosocialista Trujillo, Jos\u00e9 Ricardo Castellano, y el alcalde Carlos Ter\u00e1n, exaltaron la importancia de promover iniciativas de este tipo que permitan la protecci\u00f3n del planeta.<\/p>\n<p style=\"text-align: justify;\">Castellano agreg\u00f3 que como parte del Plan Nacional de Reforestaci\u00f3n se estima el establecimiento de m\u00e1s de 38.500 plantas, con el aprovechamiento de la \u00e9poca de lluvias.<\/p>\n<p style=\"text-align: justify;\">En el caso espec\u00edfico de Trujillo capital, con la participaci\u00f3n de entes adscritos al Minec, Ministerio P\u00fablico, Poder Popular y la alcald\u00eda, se trasplantaron 520 especies ornamentales en los alrededores de la plaza.<\/p>\n<p>&nbsp;<\/p>\n<p>&nbsp;<\/p>\n<h6>Eliph Catalina Fern\u00e1ndez<br \/>\nGr\u00e1ficas: Carlos Rojas<\/h6>\n","protected":false},"excerpt":{"rendered":"<p>Como parte del D\u00eda Mundial del Ambiente en diferentes puntos del territorio trujillano se realizaron jornadas simult\u00e1neas de reforestaci\u00f3n, formaci\u00f3n y recolecci\u00f3n de desechos, en las cuales se establecieron m\u00e1s&hellip; <\/p>\n","protected":false},"author":7,"featured_media":44689,"comment_status":"closed","ping_status":"closed","sticky":false,"template":"","format":"standard","meta":{"footnotes":""},"categories":[40],"tags":[],"class_list":["post-44688","post","type-post","status-publish","format-standard","has-post-thumbnail","hentry","category-grantrujillo"],"_links":{"self":[{"href":"https:\/\/ciudadtrujillo.com\/index.php?rest_route=\/wp\/v2\/posts\/44688","targetHints":{"allow":["GET"]}}],"collection":[{"href":"https:\/\/ciudadtrujillo.com\/index.php?rest_route=\/wp\/v2\/posts"}],"about":[{"href":"https:\/\/ciudadtrujillo.com\/index.php?rest_route=\/wp\/v2\/types\/post"}],"author":[{"embeddable":true,"href":"https:\/\/ciudadtrujillo.com\/index.php?rest_route=\/wp\/v2\/users\/7"}],"replies":[{"embeddable":true,"href":"https:\/\/ciudadtrujillo.com\/index.php?rest_route=%2Fwp%2Fv2%2Fcomments&post=44688"}],"version-history":[{"count":1,"href":"https:\/\/ciudadtrujillo.com\/index.php?rest_route=\/wp\/v2\/posts\/44688\/revisions"}],"predecessor-version":[{"id":44690,"href":"https:\/\/ciudadtrujillo.com\/index.php?rest_route=\/wp\/v2\/posts\/44688\/revisions\/44690"}],"wp:featuredmedia":[{"embeddable":true,"href":"https:\/\/ciudadtrujillo.com\/index.php?rest_route=\/wp\/v2\/media\/44689"}],"wp:attachment":[{"href":"https:\/\/ciudadtrujillo.com\/index.php?rest_route=%2Fwp%2Fv2%2Fmedia&parent=44688"}],"wp:term":[{"taxonomy":"category","embeddable":true,"href":"https:\/\/ciudadtrujillo.com\/index.php?rest_route=%2Fwp%2Fv2%2Fcategories&post=44688"},{"taxonomy":"post_tag","embeddable":true,"href":"https:\/\/ciudadtrujillo.com\/index.php?rest_route=%2Fwp%2Fv2%2Ftags&post=44688"}],"curies":[{"name":"wp","href":"https:\/\/api.w.org\/{rel}","templated":true}]}}