{"id":44685,"date":"2025-06-05T20:18:21","date_gmt":"2025-06-06T00:18:21","guid":{"rendered":"https:\/\/ciudadtrujillo.com\/?p=44685"},"modified":"2025-06-05T20:18:21","modified_gmt":"2025-06-06T00:18:21","slug":"gobierno-bolivariano-restaura-vias-agricolas-entre-trujillo-capital-carvajal","status":"publish","type":"post","link":"https:\/\/ciudadtrujillo.com\/?p=44685","title":{"rendered":"Gobierno Bolivariano restaura v\u00edas agr\u00edcolas entre Trujillo capital &#8211; Carvajal"},"content":{"rendered":"<p style=\"text-align: justify;\">\n<p style=\"text-align: justify;\">Cumpliendo con la palabra empe\u00f1ada del gobernador de Trujillo, Gerardo M\u00e1rquez, las v\u00edas agr\u00edcolas de esta entidad siguen siendo atendidas con trabajos de restauraci\u00f3n. En este sentido, la comunidad de San Pablo Jim\u00e9nez de la parroquia Campo Alegre del municipio San Rafael de Carvajal es favorecida con dichas labores, dando respuesta de esta manera a la solicitud de los circuitos comunales.<\/p>\n<p style=\"text-align: justify;\">Es importante mencionar, que con estos trabajos se reanuda el paso entre los municipios Carvajal Trujillo capital, espec\u00edficamente por una v\u00eda rural que une a los sectores El Algarrobo, Santa Rita, Esturuk\u00e1 y San Pablo de Jimen\u00e9z parte baja, espec\u00edficamente donde se encuentra la maquinaria, misma que posteriormente llegar\u00e1 a la parte alta de esta \u00faltima comunidad, para luego abordar las v\u00edas de la Aguaditas y El Amarrillo para acceder de manera vial a comunidad de La Piedra y Sabaneta.<\/p>\n<p style=\"text-align: justify;\">Cabe destacar que la maquinaria en el sitio ha sido desplegada por la Direcci\u00f3n General de Desarrollo Agroecol\u00f3gico de la Gobernaci\u00f3n de Trujillo, bajo las orientaciones del mandatario regional, quien ha destinado su atenci\u00f3n a las necesidades del pueblo.<\/p>\n<p style=\"text-align: justify;\">En esta oportunidad el poder comunal y los productores forman parte de las labores que se ejecutan en la jurisdicci\u00f3n antes mencionada, quienes tambi\u00e9n cuentan con el apoyo del Ministerio del Transporte.<\/p>\n<p>&nbsp;<\/p>\n<p>&nbsp;<\/p>\n<h6>Prensa Desarrollo Agroecol\u00f3gico<\/h6>\n","protected":false},"excerpt":{"rendered":"<p>Cumpliendo con la palabra empe\u00f1ada del gobernador de Trujillo, Gerardo M\u00e1rquez, las v\u00edas agr\u00edcolas de esta entidad siguen siendo atendidas con trabajos de restauraci\u00f3n. En este sentido, la comunidad de&hellip; <\/p>\n","protected":false},"author":7,"featured_media":44686,"comment_status":"closed","ping_status":"closed","sticky":false,"template":"","format":"standard","meta":{"footnotes":""},"categories":[40],"tags":[],"class_list":["post-44685","post","type-post","status-publish","format-standard","has-post-thumbnail","hentry","category-grantrujillo"],"_links":{"self":[{"href":"https:\/\/ciudadtrujillo.com\/index.php?rest_route=\/wp\/v2\/posts\/44685","targetHints":{"allow":["GET"]}}],"collection":[{"href":"https:\/\/ciudadtrujillo.com\/index.php?rest_route=\/wp\/v2\/posts"}],"about":[{"href":"https:\/\/ciudadtrujillo.com\/index.php?rest_route=\/wp\/v2\/types\/post"}],"author":[{"embeddable":true,"href":"https:\/\/ciudadtrujillo.com\/index.php?rest_route=\/wp\/v2\/users\/7"}],"replies":[{"embeddable":true,"href":"https:\/\/ciudadtrujillo.com\/index.php?rest_route=%2Fwp%2Fv2%2Fcomments&post=44685"}],"version-history":[{"count":1,"href":"https:\/\/ciudadtrujillo.com\/index.php?rest_route=\/wp\/v2\/posts\/44685\/revisions"}],"predecessor-version":[{"id":44687,"href":"https:\/\/ciudadtrujillo.com\/index.php?rest_route=\/wp\/v2\/posts\/44685\/revisions\/44687"}],"wp:featuredmedia":[{"embeddable":true,"href":"https:\/\/ciudadtrujillo.com\/index.php?rest_route=\/wp\/v2\/media\/44686"}],"wp:attachment":[{"href":"https:\/\/ciudadtrujillo.com\/index.php?rest_route=%2Fwp%2Fv2%2Fmedia&parent=44685"}],"wp:term":[{"taxonomy":"category","embeddable":true,"href":"https:\/\/ciudadtrujillo.com\/index.php?rest_route=%2Fwp%2Fv2%2Fcategories&post=44685"},{"taxonomy":"post_tag","embeddable":true,"href":"https:\/\/ciudadtrujillo.com\/index.php?rest_route=%2Fwp%2Fv2%2Ftags&post=44685"}],"curies":[{"name":"wp","href":"https:\/\/api.w.org\/{rel}","templated":true}]}}