{"id":44676,"date":"2025-06-05T15:19:51","date_gmt":"2025-06-05T19:19:51","guid":{"rendered":"https:\/\/ciudadtrujillo.com\/?p=44676"},"modified":"2025-06-05T15:19:51","modified_gmt":"2025-06-05T19:19:51","slug":"gob-gerardo-marquez-lidera-1er-encuentro-con-las-comunas-y-circuitos-comunales","status":"publish","type":"post","link":"https:\/\/ciudadtrujillo.com\/?p=44676","title":{"rendered":"Gob. Gerardo M\u00e1rquez lidera 1er encuentro con las comunas y circuitos comunales"},"content":{"rendered":"<p style=\"text-align: justify;\">Tal y como lo prometi\u00f3 el gobernador de Trujillo, Gerardo M\u00e1rquez, este jueves, lider\u00f3 un encuentro estadal con las comunas y los circuitos comunales en el municipio Valera, donde reafirm\u00f3 que la organizaci\u00f3n y el trabajo colectivo son el motor del cambio.<\/p>\n<p style=\"text-align: justify;\">Con una amplia representaci\u00f3n de los 221 circuitos comunales de la entidad trujillana, el mandatario regional subray\u00f3 que mantiene su compromiso de transferir el poder al pueblo, asegurando que no son solo palabras, sino acci\u00f3n.<\/p>\n<p style=\"text-align: justify;\">Asimismo, M\u00e1rquez mencion\u00f3 que en las mesas de trabajo se abordar\u00e1n temas precisos como la estructura organizativa de la gobernaci\u00f3n y la agenda concreta de acci\u00f3n, rumbo al desarrollo y fortalecimiento del gobierno comunal.<\/p>\n<p>&nbsp;<\/p>\n<p>&nbsp;<\/p>\n<h6>Ciudad Trujillo<br \/>\nGr\u00e1ficas: DGPG<\/h6>\n","protected":false},"excerpt":{"rendered":"<p>Tal y como lo prometi\u00f3 el gobernador de Trujillo, Gerardo M\u00e1rquez, este jueves, lider\u00f3 un encuentro estadal con las comunas y los circuitos comunales en el municipio Valera, donde reafirm\u00f3&hellip; <\/p>\n","protected":false},"author":7,"featured_media":44677,"comment_status":"closed","ping_status":"closed","sticky":false,"template":"","format":"standard","meta":{"footnotes":""},"categories":[40],"tags":[],"class_list":["post-44676","post","type-post","status-publish","format-standard","has-post-thumbnail","hentry","category-grantrujillo"],"_links":{"self":[{"href":"https:\/\/ciudadtrujillo.com\/index.php?rest_route=\/wp\/v2\/posts\/44676","targetHints":{"allow":["GET"]}}],"collection":[{"href":"https:\/\/ciudadtrujillo.com\/index.php?rest_route=\/wp\/v2\/posts"}],"about":[{"href":"https:\/\/ciudadtrujillo.com\/index.php?rest_route=\/wp\/v2\/types\/post"}],"author":[{"embeddable":true,"href":"https:\/\/ciudadtrujillo.com\/index.php?rest_route=\/wp\/v2\/users\/7"}],"replies":[{"embeddable":true,"href":"https:\/\/ciudadtrujillo.com\/index.php?rest_route=%2Fwp%2Fv2%2Fcomments&post=44676"}],"version-history":[{"count":1,"href":"https:\/\/ciudadtrujillo.com\/index.php?rest_route=\/wp\/v2\/posts\/44676\/revisions"}],"predecessor-version":[{"id":44678,"href":"https:\/\/ciudadtrujillo.com\/index.php?rest_route=\/wp\/v2\/posts\/44676\/revisions\/44678"}],"wp:featuredmedia":[{"embeddable":true,"href":"https:\/\/ciudadtrujillo.com\/index.php?rest_route=\/wp\/v2\/media\/44677"}],"wp:attachment":[{"href":"https:\/\/ciudadtrujillo.com\/index.php?rest_route=%2Fwp%2Fv2%2Fmedia&parent=44676"}],"wp:term":[{"taxonomy":"category","embeddable":true,"href":"https:\/\/ciudadtrujillo.com\/index.php?rest_route=%2Fwp%2Fv2%2Fcategories&post=44676"},{"taxonomy":"post_tag","embeddable":true,"href":"https:\/\/ciudadtrujillo.com\/index.php?rest_route=%2Fwp%2Fv2%2Ftags&post=44676"}],"curies":[{"name":"wp","href":"https:\/\/api.w.org\/{rel}","templated":true}]}}