{"id":44665,"date":"2025-06-04T23:41:38","date_gmt":"2025-06-05T03:41:38","guid":{"rendered":"https:\/\/ciudadtrujillo.com\/?p=44665"},"modified":"2025-06-04T23:41:38","modified_gmt":"2025-06-05T03:41:38","slug":"gob-gerardo-marquez-sere-el-gobernador-que-mas-impulse-el-poder-comunal-en-venezuela","status":"publish","type":"post","link":"https:\/\/ciudadtrujillo.com\/?p=44665","title":{"rendered":"Gob. Gerardo M\u00e1rquez: Ser\u00e9 el gobernador que m\u00e1s impulse el poder comunal en Venezuela"},"content":{"rendered":"<p style=\"text-align: justify;\">Durante un acto impregnado de patriotismo por la militancia que respalda la nueva gesti\u00f3n del reelegido gobernador, Gerardo M\u00e1rquez, este mi\u00e9rcoles desde el Monumento Bicentenario de Los Tratados en Pampanito, fue juramentado como mandatario regional, hijo ilustre de esta tierra de historia.<\/p>\n<p>La banda fue trasladada en manos del poder comunal para luego investir a M\u00e1rquez como gobernador, quien jur\u00f3 ante la Constituci\u00f3n de la Rep\u00fablica Bolivariana de Venezuela seguir luchando por la reivindicaci\u00f3n en la entidad.<\/p>\n<p style=\"text-align: justify;\">El mandatario regional, acompa\u00f1ado del presidente de la Asamblea Nacional, Jorge Rodr\u00edguez, el diputado Pedro Carre\u00f1o y la presidenta del Consejo Legislativo del estado, Gioconda Quevedo, ratific\u00f3 que Trujillo continuar\u00e1 siendo el estado m\u00e1s productor del pa\u00eds, recordando que seg\u00fan las estad\u00edsticas, este a\u00f1o la entidad tendr\u00e1 la mayor producci\u00f3n agr\u00edcola vegetal, \u00abgracias al esfuerzo de los productores, quienes han confiado en nosotros\u00bb.<\/p>\n<p style=\"text-align: justify;\">Asimismo, Marqu\u00e9z asegur\u00f3 que se convertir\u00e1 en el gobernador que m\u00e1s impulse en Venezuela el poder comunal. \u00abVamos a empujar con fuerza el poder comunal, que es la m\u00e1xima expresi\u00f3n de la democracia. Cuando hablo del poder comunal significa dar dos pasos m\u00e1s al frente porque fue el sue\u00f1o del Comandante Hugo Ch\u00e1vez y hoy es una realidad\u00bb.<\/p>\n<p style=\"text-align: justify;\">Por su parte, Rodr\u00edguez mencion\u00f3 que la gesti\u00f3n del My. Gerardo M\u00e1rquez es notoria al ver los resultados de la producci\u00f3n de esta entidad andina y la consolidaci\u00f3n de los diferentes servicios p\u00fablicos, entre ellos el gas y la electricidad.<\/p>\n<p style=\"text-align: justify;\">\u00abVayan acompa\u00f1ados de su santo y de la ciencia de Rafael Rangel a contruir la verdera democracia para que sea el estado m\u00e1s pujante de la producci\u00f3n\u00bb, finaliz\u00f3 Rodr\u00edguez su discurso.<\/p>\n<p>&nbsp;<\/p>\n<p>&nbsp;<\/p>\n<h6>Ciudad Trujillo<br \/>\nGr\u00e1ficas: DGPG<\/h6>\n","protected":false},"excerpt":{"rendered":"<p>Durante un acto impregnado de patriotismo por la militancia que respalda la nueva gesti\u00f3n del reelegido gobernador, Gerardo M\u00e1rquez, este mi\u00e9rcoles desde el Monumento Bicentenario de Los Tratados en Pampanito,&hellip; <\/p>\n","protected":false},"author":7,"featured_media":44666,"comment_status":"closed","ping_status":"closed","sticky":false,"template":"","format":"standard","meta":{"footnotes":""},"categories":[52,40],"tags":[],"class_list":["post-44665","post","type-post","status-publish","format-standard","has-post-thumbnail","hentry","category-destacadas","category-grantrujillo"],"_links":{"self":[{"href":"https:\/\/ciudadtrujillo.com\/index.php?rest_route=\/wp\/v2\/posts\/44665","targetHints":{"allow":["GET"]}}],"collection":[{"href":"https:\/\/ciudadtrujillo.com\/index.php?rest_route=\/wp\/v2\/posts"}],"about":[{"href":"https:\/\/ciudadtrujillo.com\/index.php?rest_route=\/wp\/v2\/types\/post"}],"author":[{"embeddable":true,"href":"https:\/\/ciudadtrujillo.com\/index.php?rest_route=\/wp\/v2\/users\/7"}],"replies":[{"embeddable":true,"href":"https:\/\/ciudadtrujillo.com\/index.php?rest_route=%2Fwp%2Fv2%2Fcomments&post=44665"}],"version-history":[{"count":1,"href":"https:\/\/ciudadtrujillo.com\/index.php?rest_route=\/wp\/v2\/posts\/44665\/revisions"}],"predecessor-version":[{"id":44667,"href":"https:\/\/ciudadtrujillo.com\/index.php?rest_route=\/wp\/v2\/posts\/44665\/revisions\/44667"}],"wp:featuredmedia":[{"embeddable":true,"href":"https:\/\/ciudadtrujillo.com\/index.php?rest_route=\/wp\/v2\/media\/44666"}],"wp:attachment":[{"href":"https:\/\/ciudadtrujillo.com\/index.php?rest_route=%2Fwp%2Fv2%2Fmedia&parent=44665"}],"wp:term":[{"taxonomy":"category","embeddable":true,"href":"https:\/\/ciudadtrujillo.com\/index.php?rest_route=%2Fwp%2Fv2%2Fcategories&post=44665"},{"taxonomy":"post_tag","embeddable":true,"href":"https:\/\/ciudadtrujillo.com\/index.php?rest_route=%2Fwp%2Fv2%2Ftags&post=44665"}],"curies":[{"name":"wp","href":"https:\/\/api.w.org\/{rel}","templated":true}]}}