{"id":44662,"date":"2025-06-04T23:39:19","date_gmt":"2025-06-05T03:39:19","guid":{"rendered":"https:\/\/ciudadtrujillo.com\/?p=44662"},"modified":"2025-06-04T23:39:19","modified_gmt":"2025-06-05T03:39:19","slug":"caravana-de-la-ciencia-abordo-mas-de-3-900-estudiantes-en-la-entidad","status":"publish","type":"post","link":"https:\/\/ciudadtrujillo.com\/?p=44662","title":{"rendered":"Caravana de la Ciencia abord\u00f3 m\u00e1s de 3.900 estudiantes en la entidad"},"content":{"rendered":"<p style=\"text-align: justify;\">M\u00e1s de 3.900 alumnos de 22 Instituciones educativas de los niveles b\u00e1sica y media general de los municipios Trujillo, San Rafael de Carvajal y Valera han sido abordados con la Caravana de la Ciencia enmarcada en el Programa Nacional Semilleros Cient\u00edficos que lleva a cabo la Fundaci\u00f3n para el Desarrollo de la Ciencia y Tecnolog\u00eda (Fundacite) Trujillo.<\/p>\n<p style=\"text-align: justify;\">La informaci\u00f3n fue aportada por el presidente de esta Fundaci\u00f3n en la entidad, Francisco Garzo, quien detall\u00f3 que estas jornadas de divulgaci\u00f3n y aprendizaje cient\u00edfico abarcan las \u00e1reas de astronom\u00eda, biolog\u00eda, qu\u00edmica, rob\u00f3tica y f\u00edsica.<\/p>\n<p style=\"text-align: justify;\">Explic\u00f3 que en estos encuentros los estudiantes exploran diversas \u00e1reas del conocimiento por medio de actividades din\u00e1micas, experimentos pr\u00e1cticos y demostraciones interactivas con el objetivo de que comprendan los principios cient\u00edficos y su aplicaci\u00f3n en la vida cotidiana.<\/p>\n<p style=\"text-align: justify;\">\u201cEnmarcada en la Gran Misi\u00f3n Ciencia, Tecnolog\u00eda e Innovaci\u00f3n Doctor Humberto Fern\u00e1ndez Mor\u00e1n, la Caravana de la Ciencia da a conocer las estrategias y t\u00e9cnicas que promuevan el aprendizaje did\u00e1ctico en \u00e1reas de ciencia y tecnolog\u00eda para que los estudiantes se familiaricen y compartan experiencias\u201d, acot\u00f3.<\/p>\n<p style=\"text-align: justify;\">Garzo asegur\u00f3 que el programa busca incentivar las vocaciones tempranas en ni\u00f1os y ni\u00f1as hacia las \u00e1reas cient\u00edficas, adem\u00e1s de llevar el conocimiento de forma divertida.<\/p>\n<h3 style=\"text-align: justify;\">Experiencias en Valera<\/h3>\n<p style=\"text-align: justify;\">Indic\u00f3 que esta semana m\u00e1s de 460 estudiantes de la Unidad Educativa Nuestra Se\u00f1ora de la Candelaria, ubicada en la parroquia La Beatriz del municipio Valera, tuvieron la oportunidad de acercarse a los conceptos fundamentales de biolog\u00eda, qu\u00edmica y astronom\u00eda fortaleciendo su curiosidad y comprensi\u00f3n cient\u00edfica.<\/p>\n<p style=\"text-align: justify;\">Asimismo, dentro del m\u00f3dulo de aprendizaje conocieron las partes y funciones de un microscopio monocular y del telescopio.<\/p>\n<p style=\"text-align: justify;\">Garzo puntualiz\u00f3 que la Caravana de la Ciencia continuar\u00e1 brindando espacios para la ense\u00f1anza y aprendizaje de la ciencia, la qu\u00edmica, la f\u00edsica, la biolog\u00eda, a fin de motivar a los estudiantes trujillanos en el \u00e1rea cient\u00edfica.<\/p>\n<p>&nbsp;<\/p>\n<p>&nbsp;<\/p>\n<h6>\u00daltimas Noticias<\/h6>\n","protected":false},"excerpt":{"rendered":"<p>M\u00e1s de 3.900 alumnos de 22 Instituciones educativas de los niveles b\u00e1sica y media general de los municipios Trujillo, San Rafael de Carvajal y Valera han sido abordados con la&hellip; <\/p>\n","protected":false},"author":7,"featured_media":44663,"comment_status":"closed","ping_status":"closed","sticky":false,"template":"","format":"standard","meta":{"footnotes":""},"categories":[40],"tags":[],"class_list":["post-44662","post","type-post","status-publish","format-standard","has-post-thumbnail","hentry","category-grantrujillo"],"_links":{"self":[{"href":"https:\/\/ciudadtrujillo.com\/index.php?rest_route=\/wp\/v2\/posts\/44662","targetHints":{"allow":["GET"]}}],"collection":[{"href":"https:\/\/ciudadtrujillo.com\/index.php?rest_route=\/wp\/v2\/posts"}],"about":[{"href":"https:\/\/ciudadtrujillo.com\/index.php?rest_route=\/wp\/v2\/types\/post"}],"author":[{"embeddable":true,"href":"https:\/\/ciudadtrujillo.com\/index.php?rest_route=\/wp\/v2\/users\/7"}],"replies":[{"embeddable":true,"href":"https:\/\/ciudadtrujillo.com\/index.php?rest_route=%2Fwp%2Fv2%2Fcomments&post=44662"}],"version-history":[{"count":1,"href":"https:\/\/ciudadtrujillo.com\/index.php?rest_route=\/wp\/v2\/posts\/44662\/revisions"}],"predecessor-version":[{"id":44664,"href":"https:\/\/ciudadtrujillo.com\/index.php?rest_route=\/wp\/v2\/posts\/44662\/revisions\/44664"}],"wp:featuredmedia":[{"embeddable":true,"href":"https:\/\/ciudadtrujillo.com\/index.php?rest_route=\/wp\/v2\/media\/44663"}],"wp:attachment":[{"href":"https:\/\/ciudadtrujillo.com\/index.php?rest_route=%2Fwp%2Fv2%2Fmedia&parent=44662"}],"wp:term":[{"taxonomy":"category","embeddable":true,"href":"https:\/\/ciudadtrujillo.com\/index.php?rest_route=%2Fwp%2Fv2%2Fcategories&post=44662"},{"taxonomy":"post_tag","embeddable":true,"href":"https:\/\/ciudadtrujillo.com\/index.php?rest_route=%2Fwp%2Fv2%2Ftags&post=44662"}],"curies":[{"name":"wp","href":"https:\/\/api.w.org\/{rel}","templated":true}]}}