{"id":44659,"date":"2025-06-04T23:37:36","date_gmt":"2025-06-05T03:37:36","guid":{"rendered":"https:\/\/ciudadtrujillo.com\/?p=44659"},"modified":"2025-06-05T09:25:53","modified_gmt":"2025-06-05T13:25:53","slug":"jorge-rodriguez-sigan-trabajando-para-que-trujillo-continue-siendo-ese-pueblo-pujante-en-produccion","status":"publish","type":"post","link":"https:\/\/ciudadtrujillo.com\/?p=44659","title":{"rendered":"Jorge Rodr\u00edguez: Sigan trabajando para que Trujillo contin\u00fae siendo ese pueblo pujante en producci\u00f3n"},"content":{"rendered":"<p style=\"text-align: justify;\">El presidente de la Asamblea Nacional, Jorge Rodr\u00edguez, durante el acto de juramentaci\u00f3n y proclamaci\u00f3n del gobernador de Trujillo, Gerardo M\u00e1rquez, destac\u00f3 las potenciales que posee el estado subrayando la alta producci\u00f3n que posiciona a la entidad en los primeros lugares a nivel nacional, tanto por la cantidad de sus cultivos como por su calidad. \u00abSigan trabajando para que Trujillo siga siendo ese pueblo pujante en producci\u00f3n \u00ab, dijo.<\/p>\n<p style=\"text-align: justify;\">Rodr\u00edguez durante su discurso resalt\u00f3: \u00abDespu\u00e9s de la gran victoria el Presidente Nicol\u00e1s Maduro ha convertido lo que debe ser el norte de nuestra acci\u00f3n en un mensaje muy claro: Menos escritorio y m\u00e1s territorio, y Gerardo M\u00e1rquez ha demostrado que se puede en los a\u00f1os que ha estado como gobernador\u00bb.<\/p>\n<p style=\"text-align: justify;\">Adem\u00e1s, Rodr\u00edguez recalc\u00f3 que M\u00e1rquez logr\u00f3 una cifra hist\u00f3rica en las pasadas elecciones regionales con el 93% de los votos, cifra que ratifica la primera gesti\u00f3n del mandatario trujillano.<\/p>\n<p style=\"text-align: justify;\">Adem\u00e1s, el presidente de la AN record\u00f3 parte de los logros del gobernador Marqu\u00e9z, en los servicios p\u00fablicos destinados al pueblo.<\/p>\n<p>&nbsp;<\/p>\n<p>&nbsp;<\/p>\n<h6>Ciudad Trujillo<br \/>\nGr\u00e1ficas: DGPG<\/h6>\n","protected":false},"excerpt":{"rendered":"<p>El presidente de la Asamblea Nacional, Jorge Rodr\u00edguez, durante el acto de juramentaci\u00f3n y proclamaci\u00f3n del gobernador de Trujillo, Gerardo M\u00e1rquez, destac\u00f3 las potenciales que posee el estado subrayando la&hellip; <\/p>\n","protected":false},"author":7,"featured_media":44660,"comment_status":"closed","ping_status":"closed","sticky":false,"template":"","format":"standard","meta":{"footnotes":""},"categories":[40],"tags":[],"class_list":["post-44659","post","type-post","status-publish","format-standard","has-post-thumbnail","hentry","category-grantrujillo"],"_links":{"self":[{"href":"https:\/\/ciudadtrujillo.com\/index.php?rest_route=\/wp\/v2\/posts\/44659","targetHints":{"allow":["GET"]}}],"collection":[{"href":"https:\/\/ciudadtrujillo.com\/index.php?rest_route=\/wp\/v2\/posts"}],"about":[{"href":"https:\/\/ciudadtrujillo.com\/index.php?rest_route=\/wp\/v2\/types\/post"}],"author":[{"embeddable":true,"href":"https:\/\/ciudadtrujillo.com\/index.php?rest_route=\/wp\/v2\/users\/7"}],"replies":[{"embeddable":true,"href":"https:\/\/ciudadtrujillo.com\/index.php?rest_route=%2Fwp%2Fv2%2Fcomments&post=44659"}],"version-history":[{"count":2,"href":"https:\/\/ciudadtrujillo.com\/index.php?rest_route=\/wp\/v2\/posts\/44659\/revisions"}],"predecessor-version":[{"id":44670,"href":"https:\/\/ciudadtrujillo.com\/index.php?rest_route=\/wp\/v2\/posts\/44659\/revisions\/44670"}],"wp:featuredmedia":[{"embeddable":true,"href":"https:\/\/ciudadtrujillo.com\/index.php?rest_route=\/wp\/v2\/media\/44660"}],"wp:attachment":[{"href":"https:\/\/ciudadtrujillo.com\/index.php?rest_route=%2Fwp%2Fv2%2Fmedia&parent=44659"}],"wp:term":[{"taxonomy":"category","embeddable":true,"href":"https:\/\/ciudadtrujillo.com\/index.php?rest_route=%2Fwp%2Fv2%2Fcategories&post=44659"},{"taxonomy":"post_tag","embeddable":true,"href":"https:\/\/ciudadtrujillo.com\/index.php?rest_route=%2Fwp%2Fv2%2Ftags&post=44659"}],"curies":[{"name":"wp","href":"https:\/\/api.w.org\/{rel}","templated":true}]}}