{"id":43726,"date":"2025-04-24T20:35:00","date_gmt":"2025-04-25T00:35:00","guid":{"rendered":"https:\/\/ciudadtrujillo.com\/?p=43726"},"modified":"2025-04-24T20:35:00","modified_gmt":"2025-04-25T00:35:00","slug":"gobierno-de-trujillo-evalua-afectaciones-en-monte-carmelo-tras-las-fuertes-lluvias","status":"publish","type":"post","link":"https:\/\/ciudadtrujillo.com\/?p=43726","title":{"rendered":"Gobierno de Trujillo eval\u00faa afectaciones en Monte Carmelo tras las fuertes lluvias"},"content":{"rendered":"<p style=\"text-align: justify;\">En despliegue permanente se encuentra el gobierno regional ante las afectaciones por las fuertes lluvias en el estado Trujillo. El gobernador de la entidad, Gerardo M\u00e1rquez, en compa\u00f1\u00eda de su tren ejecutivo, se traslad\u00f3 hasta el municipio Monte Carmelo para supervisar los da\u00f1os ocasionados por las precipitaciones.<\/p>\n<p style=\"text-align: justify;\">El mandatario regional reiter\u00f3 que nuevamente se desbord\u00f3 la quebrada El Chorrer\u00f3n, causando da\u00f1os en la vialidad de esta jurisdicci\u00f3n.<\/p>\n<p style=\"text-align: justify;\">Asimismo, M\u00e1rquez manifest\u00f3 su compromiso con las zonas perjudicadas. \u00abLas lluvias han afectado varios municipios, pero nuestro compromiso se mantiene firme (&#8230;) seguimos trabajando sin descanso por la seguridad y bienestar de nuestra gente\u00bb.<\/p>\n<p>&nbsp;<\/p>\n<p>&nbsp;<\/p>\n<h6>Rossiel Hurtado\/Gr\u00e1ficas: Keiver Alejandro Pujol\/ Samuel Torres<\/h6>\n","protected":false},"excerpt":{"rendered":"<p>En despliegue permanente se encuentra el gobierno regional ante las afectaciones por las fuertes lluvias en el estado Trujillo. El gobernador de la entidad, Gerardo M\u00e1rquez, en compa\u00f1\u00eda de su&hellip; <\/p>\n","protected":false},"author":7,"featured_media":43727,"comment_status":"closed","ping_status":"closed","sticky":false,"template":"","format":"standard","meta":{"footnotes":""},"categories":[52,40],"tags":[],"class_list":["post-43726","post","type-post","status-publish","format-standard","has-post-thumbnail","hentry","category-destacadas","category-grantrujillo"],"_links":{"self":[{"href":"https:\/\/ciudadtrujillo.com\/index.php?rest_route=\/wp\/v2\/posts\/43726","targetHints":{"allow":["GET"]}}],"collection":[{"href":"https:\/\/ciudadtrujillo.com\/index.php?rest_route=\/wp\/v2\/posts"}],"about":[{"href":"https:\/\/ciudadtrujillo.com\/index.php?rest_route=\/wp\/v2\/types\/post"}],"author":[{"embeddable":true,"href":"https:\/\/ciudadtrujillo.com\/index.php?rest_route=\/wp\/v2\/users\/7"}],"replies":[{"embeddable":true,"href":"https:\/\/ciudadtrujillo.com\/index.php?rest_route=%2Fwp%2Fv2%2Fcomments&post=43726"}],"version-history":[{"count":1,"href":"https:\/\/ciudadtrujillo.com\/index.php?rest_route=\/wp\/v2\/posts\/43726\/revisions"}],"predecessor-version":[{"id":43728,"href":"https:\/\/ciudadtrujillo.com\/index.php?rest_route=\/wp\/v2\/posts\/43726\/revisions\/43728"}],"wp:featuredmedia":[{"embeddable":true,"href":"https:\/\/ciudadtrujillo.com\/index.php?rest_route=\/wp\/v2\/media\/43727"}],"wp:attachment":[{"href":"https:\/\/ciudadtrujillo.com\/index.php?rest_route=%2Fwp%2Fv2%2Fmedia&parent=43726"}],"wp:term":[{"taxonomy":"category","embeddable":true,"href":"https:\/\/ciudadtrujillo.com\/index.php?rest_route=%2Fwp%2Fv2%2Fcategories&post=43726"},{"taxonomy":"post_tag","embeddable":true,"href":"https:\/\/ciudadtrujillo.com\/index.php?rest_route=%2Fwp%2Fv2%2Ftags&post=43726"}],"curies":[{"name":"wp","href":"https:\/\/api.w.org\/{rel}","templated":true}]}}