{"id":43429,"date":"2025-04-08T21:15:11","date_gmt":"2025-04-09T01:15:11","guid":{"rendered":"https:\/\/ciudadtrujillo.com\/?p=43429"},"modified":"2025-04-08T21:17:20","modified_gmt":"2025-04-09T01:17:20","slug":"venezuela-tiene-union-productiva-empresarial-para-responder-a-guerra-economica-mundial","status":"publish","type":"post","link":"https:\/\/ciudadtrujillo.com\/?p=43429","title":{"rendered":"Venezuela tiene uni\u00f3n productiva empresarial para responder a guerra econ\u00f3mica mundial"},"content":{"rendered":"<p>Venezuela tiene un plan con 13 motores en marcha y una uni\u00f3n productiva empresarial nacional para dar respuesta a la guerra econ\u00f3mica mundial. \u00abLos pueblos del sur tenemos que prepararnos para producir y trabajar para configurar las relaciones nacionales e internacionales y el comercio\u00bb, el presidente de la Rep\u00fablica Bolivariana de Venezuela, Nicol\u00e1s Maduro.<\/p>\n<p>&nbsp;<\/p>\n<p>En un mensaje en sus redes sociales, el jefe de Estado destac\u00f3 que este 8 de abril firmar\u00e1 el Decreto de Emergencia Econ\u00f3mica para defender el patrimonio venezolano y hacer frente a la \u00abguerra comercial del mundo\u201d. \u201cContamos con el Plan de las Siete Transformaciones (7T) y los 13 Motores Econ\u00f3micos; es fundamental para garantizar la estabilidad econ\u00f3mica y avanzar en el desarrollo nacional de nuestro pueblo\u201d.<\/p>\n<p>&nbsp;<\/p>\n<p>El mandatario nacional exalt\u00f3 que lo que enfrenta el mundo hoy es una verdadera \u00abguerra nuclear, comercial y econ\u00f3mica\u00bb que viene cargada de consecuencias negativas de \u00abcorto a mediano plazo; de esta guerra no hay nada positivo, es una guerra de perder, perder, a la que nadie va a ganar\u00bb.<\/p>\n<p>&nbsp;<\/p>\n<p>Asimismo, resalt\u00f3 que el efecto es la p\u00e9rdida de \u00abmiles de miles de millones de d\u00f3lares en primer lugar de las empresas m\u00e1s poderosas del mundo\u00bb. Adem\u00e1s, agreg\u00f3 que no se puede pretender romper la convivencia mundial econ\u00f3mica comercial \u00abcon una guerra de aranceles que no tiene ni pie ni cabeza, que ha autoinfligido un da\u00f1o grave a la estructura econ\u00f3mica y a la riqueza de Estados Unidos\u00bb.<\/p>\n<p>&nbsp;<\/p>\n<h6><strong><em>VTV<\/em><\/strong><\/h6>\n","protected":false},"excerpt":{"rendered":"<p>Venezuela tiene un plan con 13 motores en marcha y una uni\u00f3n productiva empresarial nacional para dar respuesta a la guerra econ\u00f3mica mundial. \u00abLos pueblos del sur tenemos que prepararnos&hellip; <\/p>\n","protected":false},"author":7,"featured_media":43430,"comment_status":"closed","ping_status":"closed","sticky":false,"template":"","format":"standard","meta":{"footnotes":""},"categories":[41],"tags":[],"class_list":["post-43429","post","type-post","status-publish","format-standard","has-post-thumbnail","hentry","category-pais"],"_links":{"self":[{"href":"https:\/\/ciudadtrujillo.com\/index.php?rest_route=\/wp\/v2\/posts\/43429","targetHints":{"allow":["GET"]}}],"collection":[{"href":"https:\/\/ciudadtrujillo.com\/index.php?rest_route=\/wp\/v2\/posts"}],"about":[{"href":"https:\/\/ciudadtrujillo.com\/index.php?rest_route=\/wp\/v2\/types\/post"}],"author":[{"embeddable":true,"href":"https:\/\/ciudadtrujillo.com\/index.php?rest_route=\/wp\/v2\/users\/7"}],"replies":[{"embeddable":true,"href":"https:\/\/ciudadtrujillo.com\/index.php?rest_route=%2Fwp%2Fv2%2Fcomments&post=43429"}],"version-history":[{"count":3,"href":"https:\/\/ciudadtrujillo.com\/index.php?rest_route=\/wp\/v2\/posts\/43429\/revisions"}],"predecessor-version":[{"id":43433,"href":"https:\/\/ciudadtrujillo.com\/index.php?rest_route=\/wp\/v2\/posts\/43429\/revisions\/43433"}],"wp:featuredmedia":[{"embeddable":true,"href":"https:\/\/ciudadtrujillo.com\/index.php?rest_route=\/wp\/v2\/media\/43430"}],"wp:attachment":[{"href":"https:\/\/ciudadtrujillo.com\/index.php?rest_route=%2Fwp%2Fv2%2Fmedia&parent=43429"}],"wp:term":[{"taxonomy":"category","embeddable":true,"href":"https:\/\/ciudadtrujillo.com\/index.php?rest_route=%2Fwp%2Fv2%2Fcategories&post=43429"},{"taxonomy":"post_tag","embeddable":true,"href":"https:\/\/ciudadtrujillo.com\/index.php?rest_route=%2Fwp%2Fv2%2Ftags&post=43429"}],"curies":[{"name":"wp","href":"https:\/\/api.w.org\/{rel}","templated":true}]}}