{"id":43423,"date":"2025-04-08T21:06:12","date_gmt":"2025-04-09T01:06:12","guid":{"rendered":"https:\/\/ciudadtrujillo.com\/?p=43423"},"modified":"2025-04-08T21:06:12","modified_gmt":"2025-04-09T01:06:12","slug":"delegacion-trujillana-de-taekwondo-logra-29-medallas-en-campeonato-nacional-invitacional-lomas","status":"publish","type":"post","link":"https:\/\/ciudadtrujillo.com\/?p=43423","title":{"rendered":"Delegaci\u00f3n Trujillana de Taekwondo logra 29 medallas en Campeonato Nacional Invitacional Lomas"},"content":{"rendered":"<p>&nbsp;<\/p>\n<p>En un destacado desempe\u00f1o que resalta el talento y la dedicaci\u00f3n de los atletas trujillanos, la delegaci\u00f3n de Taekwondo logra un total de 29 medallas en el Campeonato Nacional Invitacional Lomas. Evento que se llev\u00f3 a cabo en la ciudad de Acarigua, estado Portuguesa.<\/p>\n<p>La delegaci\u00f3n trujillana, conformada por 31 j\u00f3venes competidores, se destac\u00f3 en las modalidades de Kyorugui y Poomsae. Con un total de 11 medallas de oro, 05 de plata y 13 de bronce. Ellos fueron:<\/p>\n<p>Preinfantil:<br \/>\n01 Bronce: Luc\u00eda Montilla<\/p>\n<p>Infantil:<br \/>\n01 Oro: Jes\u00fas Datica<br \/>\n01 Plata: Luc\u00eda Balza<br \/>\n01 Bronce: Luis Gonz\u00e1lez<br \/>\n01 Bronce: Axel Chinchilla<\/p>\n<p>Precadete:<br \/>\n01 Oro: Eduardo Noda<br \/>\n01 Bronce: Roselin Ter\u00e1n<br \/>\n01 Bronce: Mariangel Gonz\u00e1lez<br \/>\n01 Bronce: Ricardo Vergara<\/p>\n<p>Cadete:<br \/>\n01 Oro: Jos\u00e9 Torres<br \/>\n01 Oro: Sof\u00eda Rivero<br \/>\n01 Oro: Nashla Perdomo<br \/>\n01 Oro: Nixon Ter\u00e1n<br \/>\n01 Oro: Gabriel Barreto<br \/>\n01 Oro: Juan P\u00e9rez<br \/>\n01 Plata: Carlos Noda<br \/>\n01 Plata: Ernesto Infante<br \/>\n01 Plata: Anabella Antequera<br \/>\n01 Plata: Zarah Artigas<br \/>\n01 Bronce: Isaac Infante<br \/>\n01 Bronce: Daryalix Pe\u00f1a<\/p>\n<p>Juveniles:<br \/>\n01 Oro: \u00c1ngel P\u00e9rez<br \/>\n01 Oro: Daniela Labarca<br \/>\n01 Bronce: Alberto Montilla<br \/>\n01 Bronce: Winifer M\u00e9ndez<br \/>\n01 Bronce: Daniela Labarca<br \/>\n01 Bronce: Arantza Valera<\/p>\n<p>Adulto:<br \/>\n01 Oro: Danilo Rodr\u00edguez<br \/>\n01 Bronce: Ivana P\u00e9rez<\/p>\n<p>&nbsp;<\/p>\n<h6><em>Prenda Indet<\/em><\/h6>\n","protected":false},"excerpt":{"rendered":"<p>&nbsp; En un destacado desempe\u00f1o que resalta el talento y la dedicaci\u00f3n de los atletas trujillanos, la delegaci\u00f3n de Taekwondo logra un total de 29 medallas en el Campeonato Nacional&hellip; <\/p>\n","protected":false},"author":7,"featured_media":43424,"comment_status":"closed","ping_status":"closed","sticky":false,"template":"","format":"standard","meta":{"footnotes":""},"categories":[40],"tags":[],"class_list":["post-43423","post","type-post","status-publish","format-standard","has-post-thumbnail","hentry","category-grantrujillo"],"_links":{"self":[{"href":"https:\/\/ciudadtrujillo.com\/index.php?rest_route=\/wp\/v2\/posts\/43423","targetHints":{"allow":["GET"]}}],"collection":[{"href":"https:\/\/ciudadtrujillo.com\/index.php?rest_route=\/wp\/v2\/posts"}],"about":[{"href":"https:\/\/ciudadtrujillo.com\/index.php?rest_route=\/wp\/v2\/types\/post"}],"author":[{"embeddable":true,"href":"https:\/\/ciudadtrujillo.com\/index.php?rest_route=\/wp\/v2\/users\/7"}],"replies":[{"embeddable":true,"href":"https:\/\/ciudadtrujillo.com\/index.php?rest_route=%2Fwp%2Fv2%2Fcomments&post=43423"}],"version-history":[{"count":1,"href":"https:\/\/ciudadtrujillo.com\/index.php?rest_route=\/wp\/v2\/posts\/43423\/revisions"}],"predecessor-version":[{"id":43425,"href":"https:\/\/ciudadtrujillo.com\/index.php?rest_route=\/wp\/v2\/posts\/43423\/revisions\/43425"}],"wp:featuredmedia":[{"embeddable":true,"href":"https:\/\/ciudadtrujillo.com\/index.php?rest_route=\/wp\/v2\/media\/43424"}],"wp:attachment":[{"href":"https:\/\/ciudadtrujillo.com\/index.php?rest_route=%2Fwp%2Fv2%2Fmedia&parent=43423"}],"wp:term":[{"taxonomy":"category","embeddable":true,"href":"https:\/\/ciudadtrujillo.com\/index.php?rest_route=%2Fwp%2Fv2%2Fcategories&post=43423"},{"taxonomy":"post_tag","embeddable":true,"href":"https:\/\/ciudadtrujillo.com\/index.php?rest_route=%2Fwp%2Fv2%2Ftags&post=43423"}],"curies":[{"name":"wp","href":"https:\/\/api.w.org\/{rel}","templated":true}]}}