{"id":43416,"date":"2025-04-08T21:00:23","date_gmt":"2025-04-09T01:00:23","guid":{"rendered":"https:\/\/ciudadtrujillo.com\/?p=43416"},"modified":"2025-04-08T21:00:23","modified_gmt":"2025-04-09T01:00:23","slug":"isnotu-es-epicentro-del-arte-con-el-festival-internacional-de-muralismo","status":"publish","type":"post","link":"https:\/\/ciudadtrujillo.com\/?p=43416","title":{"rendered":"Isnot\u00fa es epicentro del arte con el Festival Internacional de Muralismo"},"content":{"rendered":"<p style=\"font-weight: 400;\">\n<p style=\"font-weight: 400;\">La tierra del primer santo venezolano se llena de color y alegr\u00eda con el Festival Internacional de Muralismo \u00abCuidad Mural\u00bb; actividad que del 7 al 12 de abril toma las calles de Isnot\u00fa para fusionar el arte y la cultura con una programaci\u00f3n formativa conformada por talleres, recitales, proyecciones cinematogr\u00e1ficas y la creaci\u00f3n de murales.<\/p>\n<p style=\"font-weight: 400;\">\n<p style=\"font-weight: 400;\">El encuentro, respaldado por el Gobierno Bolivariano de Trujillo que lidera el My. Gerardo M\u00e1rquez, se realiza como homenaje al Dr. Jos\u00e9 Gregorio Hern\u00e1ndez y a la poes\u00eda de Ana Enriqueta Ter\u00e1n, V\u00edctor Valera Mora y Ram\u00f3n Palomares, reuniendo el talento y la creatividad de los muralistas venezolanos Abel Garc\u00eda, Leonel Vera, Andrea Brito, Rebeca Roca, Felipe Garc\u00eda, Miguel Guerra, Andr\u00e9s Bless, Eloy Guzm\u00e1n y Asdr\u00fabal Figueroa.<\/p>\n<p style=\"font-weight: 400; text-align: center;\"><img loading=\"lazy\" decoding=\"async\" class=\"alignnone size-medium wp-image-43418\" src=\"https:\/\/ciudadtrujillo.com\/wp-content\/uploads\/2025\/04\/image-4-300x169.png\" alt=\"\" width=\"300\" height=\"169\" srcset=\"https:\/\/ciudadtrujillo.com\/wp-content\/uploads\/2025\/04\/image-4-300x169.png 300w, https:\/\/ciudadtrujillo.com\/wp-content\/uploads\/2025\/04\/image-4-1024x576.png 1024w, https:\/\/ciudadtrujillo.com\/wp-content\/uploads\/2025\/04\/image-4-768x432.png 768w, https:\/\/ciudadtrujillo.com\/wp-content\/uploads\/2025\/04\/image-4.png 1080w\" sizes=\"auto, (max-width: 300px) 100vw, 300px\" \/><\/p>\n<p style=\"font-weight: 400;\">Este festival cuenta, adem\u00e1s, con artistas locales como Juan Crist\u00f3bal Ter\u00e1n, Avilio Robles, Miguel Guerra, mientras que de Colombia, Isnot\u00fa recibe la grata visita del muralista Sebasti\u00e1n Mendoza. En este evento se entrelaza la profunda devoci\u00f3n de los habitantes con el arte mural y una nutrida programaci\u00f3n que ofrecer\u00e1 por toda la semana actividades culturales, intercambios con la comunidad, demostraciones, talleres, m\u00fasica y cine\u00a0bajo las estrellas.<\/p>\n<p style=\"font-weight: 400;\">\n<p style=\"font-weight: 400;\">Se prev\u00e9 la realizaci\u00f3n de 12 murales en los que se resaltar\u00e1 la idiosincrasia de Trujillo como \u00abTierra de Santos y Sabios\u00bb.\u00a0Este gran encuentro nacional es una iniciativa que responde a las l\u00edneas del Presidente Nicol\u00e1s Maduro de plasmar la cultura local e impulsar la labor de los artistas.<\/p>\n<p style=\"font-weight: 400; text-align: center;\"><img loading=\"lazy\" decoding=\"async\" class=\"alignnone size-medium wp-image-43417\" src=\"https:\/\/ciudadtrujillo.com\/wp-content\/uploads\/2025\/04\/image-5-208x300.png\" alt=\"\" width=\"208\" height=\"300\" srcset=\"https:\/\/ciudadtrujillo.com\/wp-content\/uploads\/2025\/04\/image-5-208x300.png 208w, https:\/\/ciudadtrujillo.com\/wp-content\/uploads\/2025\/04\/image-5-711x1024.png 711w, https:\/\/ciudadtrujillo.com\/wp-content\/uploads\/2025\/04\/image-5.png 750w\" sizes=\"auto, (max-width: 208px) 100vw, 208px\" \/><\/p>\n<p style=\"font-weight: 400;\">En el desarrollo del evento participan articuladamente instituciones de cultura, educaci\u00f3n y turismo pertenecientes al Gobierno de Trujillo, as\u00ed como la alcald\u00eda del municipio Rafael Rangel, Gran Misi\u00f3n Viva Venezuela mi Patria Querida, entre otras.<\/p>\n<p>&nbsp;<\/p>\n<h6><em>Yelimar Hidalgo con informaci\u00f3n de Prensa Incaet<\/em><\/h6>\n","protected":false},"excerpt":{"rendered":"<p>La tierra del primer santo venezolano se llena de color y alegr\u00eda con el Festival Internacional de Muralismo \u00abCuidad Mural\u00bb; actividad que del 7 al 12 de abril toma las&hellip; <\/p>\n","protected":false},"author":7,"featured_media":43420,"comment_status":"closed","ping_status":"closed","sticky":false,"template":"","format":"standard","meta":{"footnotes":""},"categories":[40],"tags":[],"class_list":["post-43416","post","type-post","status-publish","format-standard","has-post-thumbnail","hentry","category-grantrujillo"],"_links":{"self":[{"href":"https:\/\/ciudadtrujillo.com\/index.php?rest_route=\/wp\/v2\/posts\/43416","targetHints":{"allow":["GET"]}}],"collection":[{"href":"https:\/\/ciudadtrujillo.com\/index.php?rest_route=\/wp\/v2\/posts"}],"about":[{"href":"https:\/\/ciudadtrujillo.com\/index.php?rest_route=\/wp\/v2\/types\/post"}],"author":[{"embeddable":true,"href":"https:\/\/ciudadtrujillo.com\/index.php?rest_route=\/wp\/v2\/users\/7"}],"replies":[{"embeddable":true,"href":"https:\/\/ciudadtrujillo.com\/index.php?rest_route=%2Fwp%2Fv2%2Fcomments&post=43416"}],"version-history":[{"count":1,"href":"https:\/\/ciudadtrujillo.com\/index.php?rest_route=\/wp\/v2\/posts\/43416\/revisions"}],"predecessor-version":[{"id":43422,"href":"https:\/\/ciudadtrujillo.com\/index.php?rest_route=\/wp\/v2\/posts\/43416\/revisions\/43422"}],"wp:featuredmedia":[{"embeddable":true,"href":"https:\/\/ciudadtrujillo.com\/index.php?rest_route=\/wp\/v2\/media\/43420"}],"wp:attachment":[{"href":"https:\/\/ciudadtrujillo.com\/index.php?rest_route=%2Fwp%2Fv2%2Fmedia&parent=43416"}],"wp:term":[{"taxonomy":"category","embeddable":true,"href":"https:\/\/ciudadtrujillo.com\/index.php?rest_route=%2Fwp%2Fv2%2Fcategories&post=43416"},{"taxonomy":"post_tag","embeddable":true,"href":"https:\/\/ciudadtrujillo.com\/index.php?rest_route=%2Fwp%2Fv2%2Ftags&post=43416"}],"curies":[{"name":"wp","href":"https:\/\/api.w.org\/{rel}","templated":true}]}}