{"id":43403,"date":"2025-04-07T18:54:43","date_gmt":"2025-04-07T22:54:43","guid":{"rendered":"https:\/\/ciudadtrujillo.com\/?p=43403"},"modified":"2025-04-07T18:54:43","modified_gmt":"2025-04-07T22:54:43","slug":"bricomiles-recuperan-areas-de-la-escuela-armisticio-en-santa-ana","status":"publish","type":"post","link":"https:\/\/ciudadtrujillo.com\/?p=43403","title":{"rendered":"Bricomiles recuperan \u00e1reas de la Escuela Armisticio en Santa Ana"},"content":{"rendered":"<p style=\"text-align: justify;\">La Escuela Armisticio, ubicada en la parroquia Santa Ana del municipio Pamp\u00e1n, en el estado Trujillo, reanud\u00f3 sus clases presenciales luego de que las Brigadas Comunitarias Militares de Educaci\u00f3n y Salud (Bricomiles), con el apoyo de diversos organismos, culminaron los trabajos del pozo s\u00e9ptico, la cancha deportiva y otras \u00e1reas del plantel.<\/p>\n<p style=\"text-align: justify;\">La informaci\u00f3n fue aportada por la supervisora territorial del circuito comunal Uni\u00f3n y Fuerza Soberana, Tania Pacheco, quien se\u00f1al\u00f3 que estas labores favorecieron a 111 estudiantes de los niveles de Educaci\u00f3n Inicial y Primaria provenientes de las comunidades Jes\u00fas de la Buena Esperanza, Juviote, El P\u00e1ramo, La Milagrosa y El Pozo.<\/p>\n<p style=\"text-align: justify;\">Explic\u00f3 que gracias a la articulaci\u00f3n de la Fundaci\u00f3n de Edificaciones y Dotaciones Educativas (FEDE), el Ministerio del poder popular para Obras P\u00fablicas, la Gobernaci\u00f3n del estado Trujillo y las Bricomiles se logr\u00f3 la reparaci\u00f3n de pozos s\u00e9pticos, patios traseros, pintura interna y externa, as\u00ed como la pintura de la cancha deportiva.<\/p>\n<p style=\"text-align: justify;\">\u201cEstas labores son gracias al gobernador Gerardo M\u00e1rquez quien estuvo en la instituci\u00f3n acompa\u00f1ado de la autoridad \u00fanica de Educaci\u00f3n, Alexis Brice\u00f1o; del representante del Ministerio de Obras P\u00fablicas, Germ\u00e1n Ojeda; el director de FEDE Trujillo, entre otras autoridades que conocieron el proyecto de mejoramiento del plantel\u201d, asever\u00f3.<\/p>\n<p style=\"text-align: justify;\">Pacheco a\u00f1adi\u00f3 que mientras los trabajos se ejecutaban los ni\u00f1os recib\u00edan clases multimodal, con tres d\u00edas en el plantel y dos d\u00edas con clases a distancia.<\/p>\n<p style=\"text-align: justify;\">\u201cDesde hoy est\u00e1n de manera presencial y estamos muy contentos\u201d, expres\u00f3.<\/p>\n<p style=\"text-align: justify;\">Por su parte, Alexis Brice\u00f1o, autoridad \u00fanica de Educaci\u00f3n de la entidad, afirm\u00f3 que este logro forma parte del cumplimiento de los cinco objetivos estrat\u00e9gicos planteados por el Ministerio para garantizar una educaci\u00f3n de calidad, inclusiva y transformadora para los semilleros de la patria.<\/p>\n<p style=\"text-align: justify;\">\u00abLa reanudaci\u00f3n de las clases presenciales en la Escuela Armisticio es una muestra del esfuerzo, de la colaboraci\u00f3n y el compromiso que tenemos con la educaci\u00f3n\u00bb, subray\u00f3.<\/p>\n<p style=\"text-align: justify;\">La comunidad escolar de Santa Ana celebr\u00f3 con benepl\u00e1cito la reanudaci\u00f3n de las actividades en un ambiente seguro y propicio para el aprendizaje.<\/p>\n<p style=\"text-align: justify;\">\n<p>&nbsp;<\/p>\n<p>&nbsp;<\/p>\n<h6>\u00daltimas Noticias<\/h6>\n","protected":false},"excerpt":{"rendered":"<p>La Escuela Armisticio, ubicada en la parroquia Santa Ana del municipio Pamp\u00e1n, en el estado Trujillo, reanud\u00f3 sus clases presenciales luego de que las Brigadas Comunitarias Militares de Educaci\u00f3n y&hellip; <\/p>\n","protected":false},"author":7,"featured_media":43404,"comment_status":"closed","ping_status":"closed","sticky":false,"template":"","format":"standard","meta":{"footnotes":""},"categories":[40],"tags":[],"class_list":["post-43403","post","type-post","status-publish","format-standard","has-post-thumbnail","hentry","category-grantrujillo"],"_links":{"self":[{"href":"https:\/\/ciudadtrujillo.com\/index.php?rest_route=\/wp\/v2\/posts\/43403","targetHints":{"allow":["GET"]}}],"collection":[{"href":"https:\/\/ciudadtrujillo.com\/index.php?rest_route=\/wp\/v2\/posts"}],"about":[{"href":"https:\/\/ciudadtrujillo.com\/index.php?rest_route=\/wp\/v2\/types\/post"}],"author":[{"embeddable":true,"href":"https:\/\/ciudadtrujillo.com\/index.php?rest_route=\/wp\/v2\/users\/7"}],"replies":[{"embeddable":true,"href":"https:\/\/ciudadtrujillo.com\/index.php?rest_route=%2Fwp%2Fv2%2Fcomments&post=43403"}],"version-history":[{"count":1,"href":"https:\/\/ciudadtrujillo.com\/index.php?rest_route=\/wp\/v2\/posts\/43403\/revisions"}],"predecessor-version":[{"id":43405,"href":"https:\/\/ciudadtrujillo.com\/index.php?rest_route=\/wp\/v2\/posts\/43403\/revisions\/43405"}],"wp:featuredmedia":[{"embeddable":true,"href":"https:\/\/ciudadtrujillo.com\/index.php?rest_route=\/wp\/v2\/media\/43404"}],"wp:attachment":[{"href":"https:\/\/ciudadtrujillo.com\/index.php?rest_route=%2Fwp%2Fv2%2Fmedia&parent=43403"}],"wp:term":[{"taxonomy":"category","embeddable":true,"href":"https:\/\/ciudadtrujillo.com\/index.php?rest_route=%2Fwp%2Fv2%2Fcategories&post=43403"},{"taxonomy":"post_tag","embeddable":true,"href":"https:\/\/ciudadtrujillo.com\/index.php?rest_route=%2Fwp%2Fv2%2Ftags&post=43403"}],"curies":[{"name":"wp","href":"https:\/\/api.w.org\/{rel}","templated":true}]}}