{"id":43394,"date":"2025-04-07T18:33:47","date_gmt":"2025-04-07T22:33:47","guid":{"rendered":"https:\/\/ciudadtrujillo.com\/?p=43394"},"modified":"2025-04-07T18:33:47","modified_gmt":"2025-04-07T22:33:47","slug":"proteccion-civil-mantiene-monitoreo-por-lluvias-en-la-entidad","status":"publish","type":"post","link":"https:\/\/ciudadtrujillo.com\/?p=43394","title":{"rendered":"Protecci\u00f3n Civil mantiene monitoreo por lluvias en la entidad"},"content":{"rendered":"<div dir=\"auto\" style=\"text-align: justify;\">Debido a las precipitaciones registradas en el estado los \u00faltimos d\u00edas, el equipo de la Zona de Evaluaci\u00f3n de Da\u00f1os y An\u00e1lisis de Necesidades (Zoedan) Trujillo se mantiene en los lugares vulnerables a fin de evaluar las posibles afectaciones y\/o da\u00f1os presentes.<\/div>\n<div dir=\"auto\" style=\"text-align: justify;\"><\/div>\n<div dir=\"auto\" style=\"text-align: justify;\">En el sector Santa Rita, parroquia Santa Ana del municipio Pamp\u00e1n, debido a la saturaci\u00f3n h\u00eddrica a causa de las fuertes precipitaciones de las \u00faltimas horas se produjo colapso del muro de contenci\u00f3n en un estimado de 22 metros, as\u00ed como tambi\u00e9n parte de la vialidad interna, lo que amerit\u00f3 la presencia de funcionarios de Protecci\u00f3n Civil municipal y estadal para la evaluaci\u00f3n pertinente.<\/div>\n<div dir=\"auto\" style=\"text-align: justify;\"><\/div>\n<div dir=\"auto\" style=\"text-align: justify;\">El jefe de Gesti\u00f3n de Riesgo, Eladio Viloria, en nombre del director estadal de la instituci\u00f3n, Gral. Jos\u00e9 Gregorio P\u00e9rez Carre\u00f1o, indic\u00f3 que se trabaj\u00f3 articuladamente con el agrupamiento social y equipo de infraestructura del estado y una vez realizado el abordaje general se acord\u00f3 hacer el informe para gestionar la respuesta ante los \u00f3rganos competentes.<\/div>\n<div dir=\"auto\" style=\"text-align: justify;\"><\/div>\n<div dir=\"auto\" style=\"text-align: justify;\">\u201cToda la atenci\u00f3n brindada se hizo de manera oportuna y con el equipo t\u00e9cnico y social para mitigar los riesgos en la comunidad y proteger as\u00ed a las familias que hacen vida activa en el sector, dando cumplimento a las pol\u00edticas de atenci\u00f3n priorizadas del gobernador, My. Gerardo M\u00e1rquez y el presidente Nicol\u00e1s Maduro\u201d, se\u00f1al\u00f3 Viloria.<\/div>\n<div dir=\"auto\" style=\"text-align: justify;\"><\/div>\n<h3 dir=\"auto\" style=\"text-align: justify;\">Eje Panamericano<\/h3>\n<div dir=\"auto\" style=\"text-align: justify;\"><\/div>\n<div dir=\"auto\" style=\"text-align: justify;\">Por su parte, en los sectores La Juventud y Avenida 2, de la parroquia El Cenizo, municipio Miranda, se produjo levantamiento de techo en la iglesia San Isidro Labrador y en ocho viviendas tipo rancho a causa de los fuertes vientos y precipitaciones en esa zona del Eje Panamericano, el d\u00eda jueves. Lo que amerit\u00f3 la presencia del equipo de Protecci\u00f3n Civil municipal para la respuesta inmediata a las familias de la zona.<\/div>\n<div dir=\"auto\" style=\"text-align: justify;\"><\/div>\n<h3 dir=\"auto\" style=\"text-align: justify;\">Afectaci\u00f3n reciente<\/h3>\n<div dir=\"auto\" style=\"text-align: justify;\"><\/div>\n<div dir=\"auto\" style=\"text-align: justify;\">Asimismo, este lunes una comisi\u00f3n de Gesti\u00f3n de Riesgo y Operaciones atendi\u00f3 la afectaci\u00f3n de vialidad en el sector conocido como la Bajada del R\u00edo por arrastre de sedimento, producto de deslizamiento leve a causa de las precipitaciones del domingo, as\u00ed como tambi\u00e9n se registr\u00f3 \u00e1rbol ca\u00eddo sobre el tendido el\u00e9ctrico en el sector Chimpire, del municipio San Rafael de Carvajal.<\/div>\n<div dir=\"auto\"><\/div>\n<div dir=\"auto\"><\/div>\n<h6 dir=\"auto\">Prensa Protecci\u00f3n Civil<\/h6>\n","protected":false},"excerpt":{"rendered":"<p>Debido a las precipitaciones registradas en el estado los \u00faltimos d\u00edas, el equipo de la Zona de Evaluaci\u00f3n de Da\u00f1os y An\u00e1lisis de Necesidades (Zoedan) Trujillo se mantiene en los&hellip; <\/p>\n","protected":false},"author":7,"featured_media":43395,"comment_status":"closed","ping_status":"closed","sticky":false,"template":"","format":"standard","meta":{"footnotes":""},"categories":[40],"tags":[],"class_list":["post-43394","post","type-post","status-publish","format-standard","has-post-thumbnail","hentry","category-grantrujillo"],"_links":{"self":[{"href":"https:\/\/ciudadtrujillo.com\/index.php?rest_route=\/wp\/v2\/posts\/43394","targetHints":{"allow":["GET"]}}],"collection":[{"href":"https:\/\/ciudadtrujillo.com\/index.php?rest_route=\/wp\/v2\/posts"}],"about":[{"href":"https:\/\/ciudadtrujillo.com\/index.php?rest_route=\/wp\/v2\/types\/post"}],"author":[{"embeddable":true,"href":"https:\/\/ciudadtrujillo.com\/index.php?rest_route=\/wp\/v2\/users\/7"}],"replies":[{"embeddable":true,"href":"https:\/\/ciudadtrujillo.com\/index.php?rest_route=%2Fwp%2Fv2%2Fcomments&post=43394"}],"version-history":[{"count":1,"href":"https:\/\/ciudadtrujillo.com\/index.php?rest_route=\/wp\/v2\/posts\/43394\/revisions"}],"predecessor-version":[{"id":43396,"href":"https:\/\/ciudadtrujillo.com\/index.php?rest_route=\/wp\/v2\/posts\/43394\/revisions\/43396"}],"wp:featuredmedia":[{"embeddable":true,"href":"https:\/\/ciudadtrujillo.com\/index.php?rest_route=\/wp\/v2\/media\/43395"}],"wp:attachment":[{"href":"https:\/\/ciudadtrujillo.com\/index.php?rest_route=%2Fwp%2Fv2%2Fmedia&parent=43394"}],"wp:term":[{"taxonomy":"category","embeddable":true,"href":"https:\/\/ciudadtrujillo.com\/index.php?rest_route=%2Fwp%2Fv2%2Fcategories&post=43394"},{"taxonomy":"post_tag","embeddable":true,"href":"https:\/\/ciudadtrujillo.com\/index.php?rest_route=%2Fwp%2Fv2%2Ftags&post=43394"}],"curies":[{"name":"wp","href":"https:\/\/api.w.org\/{rel}","templated":true}]}}