{"id":43317,"date":"2025-04-03T21:26:32","date_gmt":"2025-04-04T01:26:32","guid":{"rendered":"https:\/\/ciudadtrujillo.com\/?p=43317"},"modified":"2025-04-03T21:26:32","modified_gmt":"2025-04-04T01:26:32","slug":"arriba-a-venezuela-nuevo-grupo-de-migrantes-repatriados-desde-mexico","status":"publish","type":"post","link":"https:\/\/ciudadtrujillo.com\/?p=43317","title":{"rendered":"Arriba a Venezuela nuevo grupo de migrantes repatriados desde M\u00e9xico"},"content":{"rendered":"<p style=\"text-align: justify;\">Venezuela recibe a 313 nuevos connacionales desde la Ciudad de M\u00e9xico, a trav\u00e9s del Plan Vuelta a la Patria, en el Aeropuerto Internacional Sim\u00f3n Bol\u00edvar de La Guaira, en un vuelo con 151 ni\u00f1os (seis de ellos vienen si acompa\u00f1antes), 60 hombres, 102 mujeres, de las cuales hay 16 que est\u00e1n embarazadas.<\/p>\n<p style=\"text-align: justify;\">El recibimiento lo hizo el Vicepresidente Sectorial de Pol\u00edtica, Seguridad Ciudadana y Paz, Diosdado Cabello, quien resalt\u00f3 que este nuevo grupo de venezolanos que regresa a la patria es acompa\u00f1ado por los distintos organismos, tanto de protecci\u00f3n del ni\u00f1o, ni\u00f1a, adolescente, Vuelta a la Patria, Ministerio de Transporte, los compa\u00f1eros de seguridad, la protecci\u00f3n civil, los bomberos.<\/p>\n<p style=\"text-align: justify;\">Adem\u00e1s, inform\u00f3 que en este vuelo los seis ni\u00f1os que viajan en solos, sus familias ser\u00e1n contactadas \u00abaqu\u00ed y los entregamos basados, pues, en una revisi\u00f3n de esos familiares\u00bb.<\/p>\n<p style=\"text-align: justify;\">Destac\u00f3 que estas acciones son gracias al Plan Vuelta a la Patria, una pol\u00edtica del Estado venezolano para que los ciudadanos \u00abest\u00e9n donde est\u00e9n, puedan regresar a nuestro pa\u00eds con las garant\u00edas de un Estado que los atiende, con las garant\u00edas de un Estado que revisa cada caso de manera individual y particular\u00bb.<\/p>\n<p style=\"text-align: justify;\">Cabe resaltar que en horas de la tarde de este 03 de abril se espera la llegada de otro vuelo con migrantes rescatados de EE.UU, se espera que al menos 200 personas est\u00e9n incluidas en el mismo.<\/p>\n<p>&nbsp;<\/p>\n<p>&nbsp;<\/p>\n<h6>VTV<\/h6>\n","protected":false},"excerpt":{"rendered":"<p>Venezuela recibe a 313 nuevos connacionales desde la Ciudad de M\u00e9xico, a trav\u00e9s del Plan Vuelta a la Patria, en el Aeropuerto Internacional Sim\u00f3n Bol\u00edvar de La Guaira, en un&hellip; <\/p>\n","protected":false},"author":7,"featured_media":43318,"comment_status":"closed","ping_status":"closed","sticky":false,"template":"","format":"standard","meta":{"footnotes":""},"categories":[41],"tags":[],"class_list":["post-43317","post","type-post","status-publish","format-standard","has-post-thumbnail","hentry","category-pais"],"_links":{"self":[{"href":"https:\/\/ciudadtrujillo.com\/index.php?rest_route=\/wp\/v2\/posts\/43317","targetHints":{"allow":["GET"]}}],"collection":[{"href":"https:\/\/ciudadtrujillo.com\/index.php?rest_route=\/wp\/v2\/posts"}],"about":[{"href":"https:\/\/ciudadtrujillo.com\/index.php?rest_route=\/wp\/v2\/types\/post"}],"author":[{"embeddable":true,"href":"https:\/\/ciudadtrujillo.com\/index.php?rest_route=\/wp\/v2\/users\/7"}],"replies":[{"embeddable":true,"href":"https:\/\/ciudadtrujillo.com\/index.php?rest_route=%2Fwp%2Fv2%2Fcomments&post=43317"}],"version-history":[{"count":1,"href":"https:\/\/ciudadtrujillo.com\/index.php?rest_route=\/wp\/v2\/posts\/43317\/revisions"}],"predecessor-version":[{"id":43319,"href":"https:\/\/ciudadtrujillo.com\/index.php?rest_route=\/wp\/v2\/posts\/43317\/revisions\/43319"}],"wp:featuredmedia":[{"embeddable":true,"href":"https:\/\/ciudadtrujillo.com\/index.php?rest_route=\/wp\/v2\/media\/43318"}],"wp:attachment":[{"href":"https:\/\/ciudadtrujillo.com\/index.php?rest_route=%2Fwp%2Fv2%2Fmedia&parent=43317"}],"wp:term":[{"taxonomy":"category","embeddable":true,"href":"https:\/\/ciudadtrujillo.com\/index.php?rest_route=%2Fwp%2Fv2%2Fcategories&post=43317"},{"taxonomy":"post_tag","embeddable":true,"href":"https:\/\/ciudadtrujillo.com\/index.php?rest_route=%2Fwp%2Fv2%2Ftags&post=43317"}],"curies":[{"name":"wp","href":"https:\/\/api.w.org\/{rel}","templated":true}]}}