{"id":43086,"date":"2025-03-23T18:06:16","date_gmt":"2025-03-23T22:06:16","guid":{"rendered":"https:\/\/ciudadtrujillo.com\/?p=43086"},"modified":"2025-03-24T09:46:37","modified_gmt":"2025-03-24T13:46:37","slug":"llegan-a-trujillo-repatriados-desde-mexico","status":"publish","type":"post","link":"https:\/\/ciudadtrujillo.com\/?p=43086","title":{"rendered":"Llegan a Trujillo repatriados desde M\u00e9xico"},"content":{"rendered":"<p style=\"text-align: justify;\">En el marco del Plan Vuelta a la Patria, este s\u00e1bado arribaron a tierras trujillanas connacionales provenientes de M\u00e9xico.<\/p>\n<p style=\"text-align: justify;\">En este vuelo llegaron venezolanos pertenecientes a diferentes estados de la naci\u00f3n, entre ellos un grupo de trujillanas, 5 mujeres, una adolescente y 2 ni\u00f1as, quienes se encontraban en Tapachula (Chiapas) y Ciudad de M\u00e9xico.<\/p>\n<p style=\"text-align: justify;\">Las repatriadas fueron llevadas directamente a sus hogares, espec\u00edficamente a los municipios Bocon\u00f3, Motat\u00e1n y Valera, donde sus familiares las recibieron desbordados en emociones.<\/p>\n<p style=\"text-align: justify;\">Asimismo, Mar\u00eda Perdomo, quien no quiso revelar su verdadera identidad, atraves\u00f3, junto a sus dos hijas, la peligrosa selva del Dari\u00e9n y durante su traves\u00eda explic\u00f3 que se cruzaron con cuerpos de migrantes fallecidos, asimismo con v\u00edctimas de abuso sexual, secuestro y estafa.<\/p>\n<p style=\"text-align: justify;\">\u00abNo repetir\u00eda est\u00e1 experiencia. Al llegar a Tapachula mis hijas y yo fuimos secuestradas, ya que para continuar la traves\u00eda era de esta manera, secuestradas por grupos mexicanos. Estas personas, en uno de los dos secuestros que presenciamos, nos exigieron colaborar con la limpieza de la casa o cancelar una cantidad de aproximadamente 2 mil d\u00f3lares por persona. Nosotras no cont\u00e1bamos con el dinero e hicimos las labores en el transcurso de 7 d\u00edas para ganarnos la libertad.\u00bb, rese\u00f1\u00f3 Perdomo.<\/p>\n<p>&nbsp;<\/p>\n<p>&nbsp;<\/p>\n<h6>Rossiel Hurtado\/Gr\u00e1ficas: Keiver Alejandro Pujol<\/h6>\n","protected":false},"excerpt":{"rendered":"<p>En el marco del Plan Vuelta a la Patria, este s\u00e1bado arribaron a tierras trujillanas connacionales provenientes de M\u00e9xico. En este vuelo llegaron venezolanos pertenecientes a diferentes estados de la&hellip; <\/p>\n","protected":false},"author":7,"featured_media":0,"comment_status":"closed","ping_status":"closed","sticky":false,"template":"","format":"standard","meta":{"footnotes":""},"categories":[40],"tags":[],"class_list":["post-43086","post","type-post","status-publish","format-standard","hentry","category-grantrujillo"],"_links":{"self":[{"href":"https:\/\/ciudadtrujillo.com\/index.php?rest_route=\/wp\/v2\/posts\/43086","targetHints":{"allow":["GET"]}}],"collection":[{"href":"https:\/\/ciudadtrujillo.com\/index.php?rest_route=\/wp\/v2\/posts"}],"about":[{"href":"https:\/\/ciudadtrujillo.com\/index.php?rest_route=\/wp\/v2\/types\/post"}],"author":[{"embeddable":true,"href":"https:\/\/ciudadtrujillo.com\/index.php?rest_route=\/wp\/v2\/users\/7"}],"replies":[{"embeddable":true,"href":"https:\/\/ciudadtrujillo.com\/index.php?rest_route=%2Fwp%2Fv2%2Fcomments&post=43086"}],"version-history":[{"count":1,"href":"https:\/\/ciudadtrujillo.com\/index.php?rest_route=\/wp\/v2\/posts\/43086\/revisions"}],"predecessor-version":[{"id":43088,"href":"https:\/\/ciudadtrujillo.com\/index.php?rest_route=\/wp\/v2\/posts\/43086\/revisions\/43088"}],"wp:attachment":[{"href":"https:\/\/ciudadtrujillo.com\/index.php?rest_route=%2Fwp%2Fv2%2Fmedia&parent=43086"}],"wp:term":[{"taxonomy":"category","embeddable":true,"href":"https:\/\/ciudadtrujillo.com\/index.php?rest_route=%2Fwp%2Fv2%2Fcategories&post=43086"},{"taxonomy":"post_tag","embeddable":true,"href":"https:\/\/ciudadtrujillo.com\/index.php?rest_route=%2Fwp%2Fv2%2Ftags&post=43086"}],"curies":[{"name":"wp","href":"https:\/\/api.w.org\/{rel}","templated":true}]}}