{"id":43080,"date":"2025-03-23T17:58:25","date_gmt":"2025-03-23T21:58:25","guid":{"rendered":"https:\/\/ciudadtrujillo.com\/?p=43080"},"modified":"2025-03-23T17:58:25","modified_gmt":"2025-03-23T21:58:25","slug":"gobernacion-del-estado-contara-con-la-secretaria-para-el-desarrollo-del-gobierno-comunal","status":"publish","type":"post","link":"https:\/\/ciudadtrujillo.com\/?p=43080","title":{"rendered":"Gobernaci\u00f3n del estado contar\u00e1 con la Secretar\u00eda para el Desarrollo del Gobierno Comunal"},"content":{"rendered":"<p style=\"text-align: justify;\">Este viernes, se llev\u00f3 a cabo una reuni\u00f3n para la evaluaci\u00f3n y planificaci\u00f3n de la Secretar\u00eda para el Desarrollo del Gobierno Comunal en la Gobernaci\u00f3n del estado Trujillo, que estar\u00e1 conformada por 10 direcciones y ser\u00e1 dirigida por la Lcda. Ang\u00e9lica Mor\u00f3n.<\/p>\n<p style=\"text-align: justify;\">El encuentro reuni\u00f3 a representantes clave, con el fin de analizar propuestas, establecer objetivos claros y coordinar esfuerzos que permitan garantizar una estructura eficiente y alineada con las necesidades de las comunidades.<\/p>\n<p style=\"text-align: justify;\">Durante la actividad, se discutieron diversas iniciativas que buscan fortalecer el Poder Comunal y mejorar la calidad de vida de los trujillanos. Los participantes mostraron su compromiso y determinaci\u00f3n para avanzar en la consolidaci\u00f3n de un Estado Comunal.<\/p>\n<p>&nbsp;<\/p>\n<p>&nbsp;<\/p>\n<h6>Gianella Graterol\/Gr\u00e1ficas: Cortes\u00eda<\/h6>\n","protected":false},"excerpt":{"rendered":"<p>Este viernes, se llev\u00f3 a cabo una reuni\u00f3n para la evaluaci\u00f3n y planificaci\u00f3n de la Secretar\u00eda para el Desarrollo del Gobierno Comunal en la Gobernaci\u00f3n del estado Trujillo, que estar\u00e1&hellip; <\/p>\n","protected":false},"author":7,"featured_media":43081,"comment_status":"closed","ping_status":"closed","sticky":false,"template":"","format":"standard","meta":{"footnotes":""},"categories":[40],"tags":[],"class_list":["post-43080","post","type-post","status-publish","format-standard","has-post-thumbnail","hentry","category-grantrujillo"],"_links":{"self":[{"href":"https:\/\/ciudadtrujillo.com\/index.php?rest_route=\/wp\/v2\/posts\/43080","targetHints":{"allow":["GET"]}}],"collection":[{"href":"https:\/\/ciudadtrujillo.com\/index.php?rest_route=\/wp\/v2\/posts"}],"about":[{"href":"https:\/\/ciudadtrujillo.com\/index.php?rest_route=\/wp\/v2\/types\/post"}],"author":[{"embeddable":true,"href":"https:\/\/ciudadtrujillo.com\/index.php?rest_route=\/wp\/v2\/users\/7"}],"replies":[{"embeddable":true,"href":"https:\/\/ciudadtrujillo.com\/index.php?rest_route=%2Fwp%2Fv2%2Fcomments&post=43080"}],"version-history":[{"count":1,"href":"https:\/\/ciudadtrujillo.com\/index.php?rest_route=\/wp\/v2\/posts\/43080\/revisions"}],"predecessor-version":[{"id":43082,"href":"https:\/\/ciudadtrujillo.com\/index.php?rest_route=\/wp\/v2\/posts\/43080\/revisions\/43082"}],"wp:featuredmedia":[{"embeddable":true,"href":"https:\/\/ciudadtrujillo.com\/index.php?rest_route=\/wp\/v2\/media\/43081"}],"wp:attachment":[{"href":"https:\/\/ciudadtrujillo.com\/index.php?rest_route=%2Fwp%2Fv2%2Fmedia&parent=43080"}],"wp:term":[{"taxonomy":"category","embeddable":true,"href":"https:\/\/ciudadtrujillo.com\/index.php?rest_route=%2Fwp%2Fv2%2Fcategories&post=43080"},{"taxonomy":"post_tag","embeddable":true,"href":"https:\/\/ciudadtrujillo.com\/index.php?rest_route=%2Fwp%2Fv2%2Ftags&post=43080"}],"curies":[{"name":"wp","href":"https:\/\/api.w.org\/{rel}","templated":true}]}}