{"id":43074,"date":"2025-03-23T17:44:48","date_gmt":"2025-03-23T21:44:48","guid":{"rendered":"https:\/\/ciudadtrujillo.com\/?p=43074"},"modified":"2025-03-23T17:44:48","modified_gmt":"2025-03-23T21:44:48","slug":"papa-francisco-vuelve-a-aparecer-en-publico-e-insta-a-acabar-con-las-guerras","status":"publish","type":"post","link":"https:\/\/ciudadtrujillo.com\/?p=43074","title":{"rendered":"Papa Francisco vuelve a aparecer en p\u00fablico e insta a acabar con las guerras"},"content":{"rendered":"<p style=\"text-align: justify;\">Este domingo, el papa Francisco apareci\u00f3 en p\u00fablico por primera vez luego de cinco semanas. El pont\u00edfice fue hospitalizado el 14 de febrero en el Hospital Universitario Gemelli de Roma, donde se recuper\u00f3 de un cuadro de neumon\u00eda bilateral. El papa sali\u00f3 en silla de ruedas al balc\u00f3n del hospital, donde salud\u00f3 a la multitud y bendijo a todos los presentes que esperaban su aparici\u00f3n; asimismo, llam\u00f3 a finalizar todos los conflictos b\u00e9licos que azotan diferentes partes del mundo.<\/p>\n<p style=\"text-align: justify;\">El sumo pont\u00edfice, en el \u00faltimo \u00c1ngelus de su estancia en el Hospital Gemelli, subray\u00f3 los cuidados del personal m\u00e9dico que lo asisti\u00f3 y, a continuaci\u00f3n, expres\u00f3 su dolor por la reanudaci\u00f3n de los bombardeos sobre Gaza. Adem\u00e1s de expresar esperanza por el acuerdo de paz entre Azerbaiy\u00e1n y Armenia, naciones envueltas en un conflicto desde hace m\u00e1s de tres d\u00e9cadas.<\/p>\n<p>\u201cPido el cese inmediato de las armas y que se tenga la valent\u00eda para reanudar el di\u00e1logo, liberar a todos los rehenes y alcanzar un alto el fuego definitivo. La situaci\u00f3n humanitaria en la Franja vuelve a ser muy grave y requiere el compromiso urgente de las partes beligerantes y de la comunidad internacional\u201d, declar\u00f3 el papa ante los presentes.<br \/>\nNo obstante, tambi\u00e9n expres\u00f3 que \u00aben cambio, me complace que Armenia y Azerbaiy\u00e1n hayan llegado a un acuerdo sobre el texto definitivo del Acuerdo de paz. Espero que se firme lo antes posible y pueda contribuir as\u00ed al establecimiento de una paz duradera en el C\u00e1ucaso meridional\u00bb. Francisco concluy\u00f3 al dar las gracias a todos los que rezan por \u00e9l, con una s\u00faplica para que \u00abcesen las guerras y se haga la paz, especialmente en la atormentada Ucrania, Palestina, Israel, el L\u00edbano, Myanmar, Sud\u00e1n y la Rep\u00fablica Democr\u00e1tica del Congo\u00bb.<\/p>\n<p>&nbsp;<\/p>\n<p>&nbsp;<\/p>\n<h6>VTV<\/h6>\n","protected":false},"excerpt":{"rendered":"<p>Este domingo, el papa Francisco apareci\u00f3 en p\u00fablico por primera vez luego de cinco semanas. El pont\u00edfice fue hospitalizado el 14 de febrero en el Hospital Universitario Gemelli de Roma,&hellip; <\/p>\n","protected":false},"author":7,"featured_media":43075,"comment_status":"closed","ping_status":"closed","sticky":false,"template":"","format":"standard","meta":{"footnotes":""},"categories":[42],"tags":[],"class_list":["post-43074","post","type-post","status-publish","format-standard","has-post-thumbnail","hentry","category-mundo"],"_links":{"self":[{"href":"https:\/\/ciudadtrujillo.com\/index.php?rest_route=\/wp\/v2\/posts\/43074","targetHints":{"allow":["GET"]}}],"collection":[{"href":"https:\/\/ciudadtrujillo.com\/index.php?rest_route=\/wp\/v2\/posts"}],"about":[{"href":"https:\/\/ciudadtrujillo.com\/index.php?rest_route=\/wp\/v2\/types\/post"}],"author":[{"embeddable":true,"href":"https:\/\/ciudadtrujillo.com\/index.php?rest_route=\/wp\/v2\/users\/7"}],"replies":[{"embeddable":true,"href":"https:\/\/ciudadtrujillo.com\/index.php?rest_route=%2Fwp%2Fv2%2Fcomments&post=43074"}],"version-history":[{"count":1,"href":"https:\/\/ciudadtrujillo.com\/index.php?rest_route=\/wp\/v2\/posts\/43074\/revisions"}],"predecessor-version":[{"id":43076,"href":"https:\/\/ciudadtrujillo.com\/index.php?rest_route=\/wp\/v2\/posts\/43074\/revisions\/43076"}],"wp:featuredmedia":[{"embeddable":true,"href":"https:\/\/ciudadtrujillo.com\/index.php?rest_route=\/wp\/v2\/media\/43075"}],"wp:attachment":[{"href":"https:\/\/ciudadtrujillo.com\/index.php?rest_route=%2Fwp%2Fv2%2Fmedia&parent=43074"}],"wp:term":[{"taxonomy":"category","embeddable":true,"href":"https:\/\/ciudadtrujillo.com\/index.php?rest_route=%2Fwp%2Fv2%2Fcategories&post=43074"},{"taxonomy":"post_tag","embeddable":true,"href":"https:\/\/ciudadtrujillo.com\/index.php?rest_route=%2Fwp%2Fv2%2Ftags&post=43074"}],"curies":[{"name":"wp","href":"https:\/\/api.w.org\/{rel}","templated":true}]}}