{"id":43071,"date":"2025-03-23T17:41:44","date_gmt":"2025-03-23T21:41:44","guid":{"rendered":"https:\/\/ciudadtrujillo.com\/?p=43071"},"modified":"2025-03-23T17:41:44","modified_gmt":"2025-03-23T21:41:44","slug":"presidente-maduro-exige-a-eeuu-que-cese-persecucion-contra-venezolanos","status":"publish","type":"post","link":"https:\/\/ciudadtrujillo.com\/?p=43071","title":{"rendered":"Presidente Maduro exige a EEUU que cese persecuci\u00f3n contra venezolanos"},"content":{"rendered":"<p style=\"text-align: justify;\">Nuevamente, en representaci\u00f3n de toda la voluntad popular, el Presidente de la Rep\u00fablica Bolivariana de Venezuela, Nicol\u00e1s Maduro, exigi\u00f3 este domingo el inmediato cese a la persecuci\u00f3n y violaci\u00f3n de los derechos a los migrantes venezolanos; hecho ilegal perpetrado por los gobiernos de los Estados Unidos y El Salvador.<br \/>\n\u00abLas acciones de los gobiernos de EE. UU. y El Salvador contra nuestros j\u00f3venes trabajadores constituyen un acto de crueldad e injusticia, un secuestro cruel e indignante\u00bb, indic\u00f3 el jefe de Estado venezolano a trav\u00e9s de su canal en la app de mensajer\u00eda instant\u00e1nea, Telegram. Asimismo, se\u00f1al\u00f3 que \u00abdesde Venezuela, exigimos al gobierno de los EE. UU. que cese la persecuci\u00f3n y violaci\u00f3n de los derechos de los migrantes venezolanos\u00bb.<\/p>\n<p style=\"text-align: justify;\">Previamente, el presidente Maduro comunic\u00f3 a su hom\u00f3logo salvadore\u00f1o, Nayid Bukele, \u00able decimos usted es responsable si le pasa algo a un muchacho de esos, usted es responsable de la vida de todos esos j\u00f3venes, usted le garantiza la salud y m\u00e1s temprano que tarde tiene que entregarlos y liberarlos porque est\u00e1n secuestrados\u00bb.<\/p>\n<p style=\"text-align: justify;\">Asimismo, como parte del Plan Vuelta a la Patria, acord\u00f3 con el gobierno de Washington la reanudaci\u00f3n el proceso de repatriaci\u00f3n de migrantes venezolanos; y para este domingo, se realizar\u00e1 un vuelo inicial de ciudadanos connacionales; lo cual fue anunciado previamente por el designado para los Di\u00e1logos de Paz por Venezuela, Jorge Rodr\u00edguez.<\/p>\n<p style=\"text-align: justify;\">\n<p>&nbsp;<\/p>\n<p>&nbsp;<\/p>\n<h6>VTV<\/h6>\n","protected":false},"excerpt":{"rendered":"<p>Nuevamente, en representaci\u00f3n de toda la voluntad popular, el Presidente de la Rep\u00fablica Bolivariana de Venezuela, Nicol\u00e1s Maduro, exigi\u00f3 este domingo el inmediato cese a la persecuci\u00f3n y violaci\u00f3n de&hellip; <\/p>\n","protected":false},"author":7,"featured_media":43072,"comment_status":"closed","ping_status":"closed","sticky":false,"template":"","format":"standard","meta":{"footnotes":""},"categories":[41],"tags":[],"class_list":["post-43071","post","type-post","status-publish","format-standard","has-post-thumbnail","hentry","category-pais"],"_links":{"self":[{"href":"https:\/\/ciudadtrujillo.com\/index.php?rest_route=\/wp\/v2\/posts\/43071","targetHints":{"allow":["GET"]}}],"collection":[{"href":"https:\/\/ciudadtrujillo.com\/index.php?rest_route=\/wp\/v2\/posts"}],"about":[{"href":"https:\/\/ciudadtrujillo.com\/index.php?rest_route=\/wp\/v2\/types\/post"}],"author":[{"embeddable":true,"href":"https:\/\/ciudadtrujillo.com\/index.php?rest_route=\/wp\/v2\/users\/7"}],"replies":[{"embeddable":true,"href":"https:\/\/ciudadtrujillo.com\/index.php?rest_route=%2Fwp%2Fv2%2Fcomments&post=43071"}],"version-history":[{"count":1,"href":"https:\/\/ciudadtrujillo.com\/index.php?rest_route=\/wp\/v2\/posts\/43071\/revisions"}],"predecessor-version":[{"id":43073,"href":"https:\/\/ciudadtrujillo.com\/index.php?rest_route=\/wp\/v2\/posts\/43071\/revisions\/43073"}],"wp:featuredmedia":[{"embeddable":true,"href":"https:\/\/ciudadtrujillo.com\/index.php?rest_route=\/wp\/v2\/media\/43072"}],"wp:attachment":[{"href":"https:\/\/ciudadtrujillo.com\/index.php?rest_route=%2Fwp%2Fv2%2Fmedia&parent=43071"}],"wp:term":[{"taxonomy":"category","embeddable":true,"href":"https:\/\/ciudadtrujillo.com\/index.php?rest_route=%2Fwp%2Fv2%2Fcategories&post=43071"},{"taxonomy":"post_tag","embeddable":true,"href":"https:\/\/ciudadtrujillo.com\/index.php?rest_route=%2Fwp%2Fv2%2Ftags&post=43071"}],"curies":[{"name":"wp","href":"https:\/\/api.w.org\/{rel}","templated":true}]}}