{"id":43003,"date":"2025-03-19T18:17:48","date_gmt":"2025-03-19T22:17:48","guid":{"rendered":"https:\/\/ciudadtrujillo.com\/?p=43003"},"modified":"2025-03-19T18:17:48","modified_gmt":"2025-03-19T22:17:48","slug":"venezuela-recolecta-firmas-en-apoyo-a-sus-migrantes-secuestrados-en-el-salvador","status":"publish","type":"post","link":"https:\/\/ciudadtrujillo.com\/?p=43003","title":{"rendered":"Venezuela recolecta firmas en apoyo a sus migrantes secuestrados en El Salvador"},"content":{"rendered":"<p style=\"text-align: justify;\">El pueblo de Venezuela acudi\u00f3 este mi\u00e9rcoles a las Plazas Bol\u00edvar de todo el pa\u00eds para la recolecci\u00f3n de firmas en apoyo a los m\u00e1s de 200 migrantes venezolanos deportados de Estados Unidos a El Salvador. La acci\u00f3n de solidaridad forma parte de la \u201cCampa\u00f1a Dignidad Siempre\u201d promovida por las autoridades nacionales y servir\u00e1 de soporte a los pasos de denuncia iniciados ante los mecanismos multilaterales, bilaterales, gobiernos, pa\u00edses, entre otros.<br \/>\nEl designado por el Ejecutivo venezolano para los Di\u00e1logos de Paz, Jorge Rodr\u00edguez, declar\u00f3 este lunes que har\u00e1n todo lo que est\u00e9 en manos del Estado, el Gobierno y de la diplomacia. \u201cRecurriremos a todas las relaciones bilaterales, a las estrategias legales jur\u00eddicas para que sean devueltos a sus casa, a sus familias y a su patria, en resguardo de sus derechos como hombres y mujeres de bien\u201d, indic\u00f3.<\/p>\n<p style=\"text-align: justify;\">\u201cTengan la seguridad que haremos todo\u201d, afirm\u00f3 el presidente de la Rep\u00fablica Bolivariana de Venezuela, Nicol\u00e1s Maduro, al tiempo que se\u00f1al\u00f3 que se encuentran activos para que el gobierno salvadore\u00f1o entregue a estos j\u00f3venes que no cometieron ning\u00fan delito y le negaron el debido proceso.<\/p>\n<p style=\"text-align: justify;\">El titular del Parlamento al anunciar la recolecci\u00f3n de firmas, convoc\u00f3 este mi\u00e9rcoles a todos los venezolanos \u201cindependientemente de no tener una posici\u00f3n u opini\u00f3n pol\u00edtica, sea opositor o chavista\u201d.<\/p>\n<p style=\"text-align: justify;\">Bajo la consigna \u201cMigrar no es un delito, sancionar y bloquear a un pueblo, s\u00ed\u201d, cientos de hombres y mujeres de todas las edades acompa\u00f1aron este martes a madres, padres, abuelos, t\u00edos, hermanos, amigos en una marcha para repudiar el secuestro de los familiares migrantes.<\/p>\n<p style=\"text-align: justify;\">Una encuesta divulgada por Hinterlaces revel\u00f3 que el 91 por ciento de los ciudadanos consider\u00f3 la medida del Gobierno de Donald Trump como violadora de los derechos humanos de los venezolanos, mientras el 89 por ciento rechaz\u00f3 que se haya aplicado de manera arbitraria por igual a todos los connacionales.<\/p>\n<p style=\"text-align: justify;\">Los participantes en el sondeo responsabilizaron en el 84 por ciento que la aplicaci\u00f3n de la Ley de Enemigos Extranjeros de Estados Unidos de 1.798 fue promovida y respaldada por la vocera de la ultraderecha, Mar\u00eda Corina Machado.<\/p>\n<p>&nbsp;<\/p>\n<p>&nbsp;<\/p>\n<h6>VTV\/Gr\u00e1ficas: Cortes\u00eda<\/h6>\n","protected":false},"excerpt":{"rendered":"<p>El pueblo de Venezuela acudi\u00f3 este mi\u00e9rcoles a las Plazas Bol\u00edvar de todo el pa\u00eds para la recolecci\u00f3n de firmas en apoyo a los m\u00e1s de 200 migrantes venezolanos deportados&hellip; <\/p>\n","protected":false},"author":7,"featured_media":43004,"comment_status":"closed","ping_status":"closed","sticky":false,"template":"","format":"standard","meta":{"footnotes":""},"categories":[52,40],"tags":[],"class_list":["post-43003","post","type-post","status-publish","format-standard","has-post-thumbnail","hentry","category-destacadas","category-grantrujillo"],"_links":{"self":[{"href":"https:\/\/ciudadtrujillo.com\/index.php?rest_route=\/wp\/v2\/posts\/43003","targetHints":{"allow":["GET"]}}],"collection":[{"href":"https:\/\/ciudadtrujillo.com\/index.php?rest_route=\/wp\/v2\/posts"}],"about":[{"href":"https:\/\/ciudadtrujillo.com\/index.php?rest_route=\/wp\/v2\/types\/post"}],"author":[{"embeddable":true,"href":"https:\/\/ciudadtrujillo.com\/index.php?rest_route=\/wp\/v2\/users\/7"}],"replies":[{"embeddable":true,"href":"https:\/\/ciudadtrujillo.com\/index.php?rest_route=%2Fwp%2Fv2%2Fcomments&post=43003"}],"version-history":[{"count":1,"href":"https:\/\/ciudadtrujillo.com\/index.php?rest_route=\/wp\/v2\/posts\/43003\/revisions"}],"predecessor-version":[{"id":43005,"href":"https:\/\/ciudadtrujillo.com\/index.php?rest_route=\/wp\/v2\/posts\/43003\/revisions\/43005"}],"wp:featuredmedia":[{"embeddable":true,"href":"https:\/\/ciudadtrujillo.com\/index.php?rest_route=\/wp\/v2\/media\/43004"}],"wp:attachment":[{"href":"https:\/\/ciudadtrujillo.com\/index.php?rest_route=%2Fwp%2Fv2%2Fmedia&parent=43003"}],"wp:term":[{"taxonomy":"category","embeddable":true,"href":"https:\/\/ciudadtrujillo.com\/index.php?rest_route=%2Fwp%2Fv2%2Fcategories&post=43003"},{"taxonomy":"post_tag","embeddable":true,"href":"https:\/\/ciudadtrujillo.com\/index.php?rest_route=%2Fwp%2Fv2%2Ftags&post=43003"}],"curies":[{"name":"wp","href":"https:\/\/api.w.org\/{rel}","templated":true}]}}