{"id":42880,"date":"2025-03-13T21:00:24","date_gmt":"2025-03-14T01:00:24","guid":{"rendered":"https:\/\/ciudadtrujillo.com\/?p=42880"},"modified":"2025-03-13T21:00:24","modified_gmt":"2025-03-14T01:00:24","slug":"ministro-de-obras-publicas-instala-taller-de-autogobierno-popular-y-comunal-en-trujillo","status":"publish","type":"post","link":"https:\/\/ciudadtrujillo.com\/?p=42880","title":{"rendered":"Ministro de Obras P\u00fablicas instala taller de  autogobierno popular y comunal en Trujillo"},"content":{"rendered":"<p style=\"text-align: justify;\">Este jueves, en el Foro Bolivariano del municipio Valera, se llev\u00f3 a cabo un taller de formaci\u00f3n de autogobierno Popular y Comunal dirigido por el ministro del Poder Popular para Obras P\u00fablicas, Juan Jos\u00e9 Ram\u00edrez en compa\u00f1\u00eda del gobernador Gerardo M\u00e1rquez y otras autoridades regionales del estado.<\/p>\n<p style=\"text-align: justify;\">Durante la actividad el ministro explic\u00f3 la importancia del Plan Nacional de Formaci\u00f3n por la Transformaci\u00f3n Social de la Sala de Gobierno Popular y Comunal en sus seis dimensiones, que va de la mano con las 7 Transformaciones y el Plan de la Patria.<\/p>\n<p style=\"text-align: justify;\">En este sentido, el mandatario regional, durante su intervenci\u00f3n anunci\u00f3 la creaci\u00f3n de la secretar\u00eda para el desarrollo del Poder Comunal, que estar\u00e1 conformada por 10 direcciones y ser\u00e1 dirigida por la Lcda. Ang\u00e9lica Mor\u00f3n.<\/p>\n<p style=\"text-align: justify;\">Adem\u00e1s, M\u00e1rquez coment\u00f3 que Venezuela se encuentra en un per\u00edodo de transici\u00f3n hacia un gobierno verdaderamente comunal.<\/p>\n<p style=\"text-align: justify;\">Por su parte, Mor\u00f3n inform\u00f3 que actualmente un grupo se encuentra desplegado en los 221 circuitos comunales del territorio en proceso asambleario con el fin de activar las Salas de Autogobierno Popular y Comunal, al tiempo destac\u00f3 la importancia de trabajar con las seis dimensiones, con el objetivo de territorializar la pol\u00edtica p\u00fablica.<\/p>\n<p>&nbsp;<\/p>\n<p>&nbsp;<\/p>\n<h6>Gianella Graterol\/Gr\u00e1ficas: David V\u00e1squez<\/h6>\n","protected":false},"excerpt":{"rendered":"<p>Este jueves, en el Foro Bolivariano del municipio Valera, se llev\u00f3 a cabo un taller de formaci\u00f3n de autogobierno Popular y Comunal dirigido por el ministro del Poder Popular para&hellip; <\/p>\n","protected":false},"author":7,"featured_media":42881,"comment_status":"closed","ping_status":"closed","sticky":false,"template":"","format":"standard","meta":{"footnotes":""},"categories":[52,40],"tags":[],"class_list":["post-42880","post","type-post","status-publish","format-standard","has-post-thumbnail","hentry","category-destacadas","category-grantrujillo"],"_links":{"self":[{"href":"https:\/\/ciudadtrujillo.com\/index.php?rest_route=\/wp\/v2\/posts\/42880","targetHints":{"allow":["GET"]}}],"collection":[{"href":"https:\/\/ciudadtrujillo.com\/index.php?rest_route=\/wp\/v2\/posts"}],"about":[{"href":"https:\/\/ciudadtrujillo.com\/index.php?rest_route=\/wp\/v2\/types\/post"}],"author":[{"embeddable":true,"href":"https:\/\/ciudadtrujillo.com\/index.php?rest_route=\/wp\/v2\/users\/7"}],"replies":[{"embeddable":true,"href":"https:\/\/ciudadtrujillo.com\/index.php?rest_route=%2Fwp%2Fv2%2Fcomments&post=42880"}],"version-history":[{"count":1,"href":"https:\/\/ciudadtrujillo.com\/index.php?rest_route=\/wp\/v2\/posts\/42880\/revisions"}],"predecessor-version":[{"id":42882,"href":"https:\/\/ciudadtrujillo.com\/index.php?rest_route=\/wp\/v2\/posts\/42880\/revisions\/42882"}],"wp:featuredmedia":[{"embeddable":true,"href":"https:\/\/ciudadtrujillo.com\/index.php?rest_route=\/wp\/v2\/media\/42881"}],"wp:attachment":[{"href":"https:\/\/ciudadtrujillo.com\/index.php?rest_route=%2Fwp%2Fv2%2Fmedia&parent=42880"}],"wp:term":[{"taxonomy":"category","embeddable":true,"href":"https:\/\/ciudadtrujillo.com\/index.php?rest_route=%2Fwp%2Fv2%2Fcategories&post=42880"},{"taxonomy":"post_tag","embeddable":true,"href":"https:\/\/ciudadtrujillo.com\/index.php?rest_route=%2Fwp%2Fv2%2Ftags&post=42880"}],"curies":[{"name":"wp","href":"https:\/\/api.w.org\/{rel}","templated":true}]}}