{"id":42789,"date":"2025-03-10T20:30:50","date_gmt":"2025-03-11T00:30:50","guid":{"rendered":"https:\/\/ciudadtrujillo.com\/?p=42789"},"modified":"2025-03-10T20:30:50","modified_gmt":"2025-03-11T00:30:50","slug":"volcan-de-fuego-en-guatemala-obliga-evacuacion-de-mas-de-200-familias","status":"publish","type":"post","link":"https:\/\/ciudadtrujillo.com\/?p=42789","title":{"rendered":"Volc\u00e1n de Fuego en Guatemala obliga evacuaci\u00f3n de m\u00e1s de 200 familias"},"content":{"rendered":"<p style=\"text-align: justify;\">El Volc\u00e1n de Fuego en Guatemala hizo erupci\u00f3n la madrugada del lunes y oblig\u00f3 la evacuaci\u00f3n de 282 familias, el cierre de una carretera y la suspensi\u00f3n de las clases en cuatro municipios.<\/p>\n<p style=\"text-align: justify;\">La Coordinadora Nacional para la Reducci\u00f3n de Desastres (Conred), que elev\u00f3 su alerta de actividad de verde a naranja, anunci\u00f3 en la madrugada del lunes la evacuaci\u00f3n de los vecinos de varias comunidades en las faldas del volc\u00e1n hacia albergues del municipio de San Juan Alotenango, en el departamento de Sacatep\u00e9quez. El equipo del ente dijo durante la ma\u00f1ana del lunes que poco m\u00e1s de 280 personas hab\u00edan sido trasladadas a albergues locales.<\/p>\n<p style=\"text-align: justify;\">A primera hora de la noche del domingo, las autoridades empezaron a alertar del incremento de la actividad, que fue poco a poco increment\u00e1ndose para finalmente hacer erupci\u00f3n con fragmentos incandescentes, retumbos y ceniza.<\/p>\n<p style=\"text-align: justify;\">La secretar\u00eda de Conred, Claudinne Ugalde se\u00f1al\u00f3 que por lo menos 30 mil personas est\u00e1n en riesgo por lo que se ha solicitado su evacuaci\u00f3n. \u201cM\u00e1s o menos unas 30 mil personas est\u00e1n en riesgo alrededor de estos tres departamentos y estamos tratando de que evac\u00faen o se autoevac\u00faen para que no sufran ning\u00fan da\u00f1o\u201d, acot\u00f3 Ugalde.<\/p>\n<p style=\"text-align: justify;\">Representantes del organismo indicaron que el volc\u00e1n no registraba erupciones desde junio de 2023 y la ca\u00edda de ceniza se produce a varios kil\u00f3metros. En junio de 2018, el Volc\u00e1n de Fuego registr\u00f3 una explosi\u00f3n que hizo desaparecer varias comunidades que habitaban en sus faldas y acab\u00f3 con la vida de cientos de personas en una de las tragedias naturales m\u00e1s graves de la historia reciente del pa\u00eds.<\/p>\n<p style=\"text-align: justify;\">La actividad volc\u00e1nica inici\u00f3 el domingo 3 de junio en la ma\u00f1ana, mientras las familias se reun\u00edan a la hora del almuerzo. R\u00e1pidamente, una gigantesca bola de ceniza y flujo pirocl\u00e1stico empez\u00f3 a descender del cr\u00e1ter del volc\u00e1n y envolvi\u00f3 todo a su paso. Familias aseguran que miles de personas quedaron sepultadas sin registro.<\/p>\n<p style=\"text-align: justify;\">\u201cLa actividad en el Volc\u00e1n de Fuego ha provocado el descenso de flujos pirocl\u00e1sticos en las barrancas Las Lajas, El Jute, Seca y Ceniza, (en las falda) siendo de caracter\u00edsticas d\u00e9biles y moderadas, pero con probabilidad de incrementarse\u201d, dijo la CONRED antes de que comenzara el desplazamiento de la poblaci\u00f3n.<\/p>\n<p style=\"text-align: justify;\">El Ministerio de Educaci\u00f3n anunci\u00f3 la suspensi\u00f3n de clases en cuatro municipios del Alotenango; en Escuintla y Siquinal\u00e1, del departamento de Escuintla, y en San Pedro Yepocapa, en Chimaltenango.<\/p>\n<p style=\"text-align: justify;\">Por otro lado, las autoridades cerraron la Ruta 14, aleda\u00f1a al volc\u00e1n y prohibieron el ascenso al volc\u00e1n de Acatenango, uno de los m\u00e1s visitados y cercano al Volc\u00e1n de Fuego.<\/p>\n<p>&nbsp;<\/p>\n<p>&nbsp;<\/p>\n<h6>VTV<\/h6>\n","protected":false},"excerpt":{"rendered":"<p>El Volc\u00e1n de Fuego en Guatemala hizo erupci\u00f3n la madrugada del lunes y oblig\u00f3 la evacuaci\u00f3n de 282 familias, el cierre de una carretera y la suspensi\u00f3n de las clases&hellip; <\/p>\n","protected":false},"author":7,"featured_media":42790,"comment_status":"closed","ping_status":"closed","sticky":false,"template":"","format":"standard","meta":{"footnotes":""},"categories":[42],"tags":[],"class_list":["post-42789","post","type-post","status-publish","format-standard","has-post-thumbnail","hentry","category-mundo"],"_links":{"self":[{"href":"https:\/\/ciudadtrujillo.com\/index.php?rest_route=\/wp\/v2\/posts\/42789","targetHints":{"allow":["GET"]}}],"collection":[{"href":"https:\/\/ciudadtrujillo.com\/index.php?rest_route=\/wp\/v2\/posts"}],"about":[{"href":"https:\/\/ciudadtrujillo.com\/index.php?rest_route=\/wp\/v2\/types\/post"}],"author":[{"embeddable":true,"href":"https:\/\/ciudadtrujillo.com\/index.php?rest_route=\/wp\/v2\/users\/7"}],"replies":[{"embeddable":true,"href":"https:\/\/ciudadtrujillo.com\/index.php?rest_route=%2Fwp%2Fv2%2Fcomments&post=42789"}],"version-history":[{"count":1,"href":"https:\/\/ciudadtrujillo.com\/index.php?rest_route=\/wp\/v2\/posts\/42789\/revisions"}],"predecessor-version":[{"id":42791,"href":"https:\/\/ciudadtrujillo.com\/index.php?rest_route=\/wp\/v2\/posts\/42789\/revisions\/42791"}],"wp:featuredmedia":[{"embeddable":true,"href":"https:\/\/ciudadtrujillo.com\/index.php?rest_route=\/wp\/v2\/media\/42790"}],"wp:attachment":[{"href":"https:\/\/ciudadtrujillo.com\/index.php?rest_route=%2Fwp%2Fv2%2Fmedia&parent=42789"}],"wp:term":[{"taxonomy":"category","embeddable":true,"href":"https:\/\/ciudadtrujillo.com\/index.php?rest_route=%2Fwp%2Fv2%2Fcategories&post=42789"},{"taxonomy":"post_tag","embeddable":true,"href":"https:\/\/ciudadtrujillo.com\/index.php?rest_route=%2Fwp%2Fv2%2Ftags&post=42789"}],"curies":[{"name":"wp","href":"https:\/\/api.w.org\/{rel}","templated":true}]}}