{"id":42786,"date":"2025-03-10T20:29:13","date_gmt":"2025-03-11T00:29:13","guid":{"rendered":"https:\/\/ciudadtrujillo.com\/?p=42786"},"modified":"2025-03-10T20:29:13","modified_gmt":"2025-03-11T00:29:13","slug":"presidente-nicolas-maduro-venezuela-va-a-marcar-la-pauta-en-temas-de-salud","status":"publish","type":"post","link":"https:\/\/ciudadtrujillo.com\/?p=42786","title":{"rendered":"Presidente Nicol\u00e1s Maduro: Venezuela va a marcar la pauta en temas de salud"},"content":{"rendered":"<p style=\"text-align: justify;\">El Presidente de la Rep\u00fablica, Nicol\u00e1s Maduro, afirm\u00f3 este lunes que el pa\u00eds va a \u00abmarcar la pauta\u00bb en la soluci\u00f3n preventiva y curativa en temas de salud.<\/p>\n<p style=\"text-align: justify;\">Mediante sus cuentas en redes sociales, el jefe de Estado asever\u00f3 que este logro ser\u00e1 posible con \u00abavances en la investigaci\u00f3n y desarrollo de tratamientos innovadores\u00bb.<\/p>\n<p style=\"text-align: justify;\">\u00abEste es el verdadero socialismo cient\u00edfico. \u00a1Estamos construy\u00e9ndolo!\u00bb, enfatiz\u00f3 el mandatario.<\/p>\n<p style=\"text-align: justify;\">La publicaci\u00f3n fue acompa\u00f1ada de un video que muestra diversas pol\u00edticas implementadas por el Gobierno nacional con el fin de promover el desarrollo en \u00e1reas cient\u00edficas y tecnol\u00f3gicas.<\/p>\n<p style=\"text-align: justify;\">Entre las iniciativas mencionadas est\u00e1n el Semillero Cient\u00edfico en las escuelas y liceos, la Universidad de las Ciencias Dr. Humberto Fern\u00e1ndez-Mor\u00e1n y la Gran Misi\u00f3n Ciencia y Tecnolog\u00eda.<\/p>\n<p style=\"text-align: justify;\">\u00abEl verdadero socialismo cient\u00edfico es el que estamos creando en el siglo XXI\u00bb, es parte del mensaje del mandatario durante el video, destacando que se hace desde el conocimiento, la ciencia. como instrumento de transformaci\u00f3n de la vida material y espiritual.<\/p>\n<p>&nbsp;<\/p>\n<p>&nbsp;<\/p>\n<h6>\u00daltimas Noticias<\/h6>\n","protected":false},"excerpt":{"rendered":"<p>El Presidente de la Rep\u00fablica, Nicol\u00e1s Maduro, afirm\u00f3 este lunes que el pa\u00eds va a \u00abmarcar la pauta\u00bb en la soluci\u00f3n preventiva y curativa en temas de salud. Mediante sus&hellip; <\/p>\n","protected":false},"author":7,"featured_media":42787,"comment_status":"closed","ping_status":"closed","sticky":false,"template":"","format":"standard","meta":{"footnotes":""},"categories":[41],"tags":[],"class_list":["post-42786","post","type-post","status-publish","format-standard","has-post-thumbnail","hentry","category-pais"],"_links":{"self":[{"href":"https:\/\/ciudadtrujillo.com\/index.php?rest_route=\/wp\/v2\/posts\/42786","targetHints":{"allow":["GET"]}}],"collection":[{"href":"https:\/\/ciudadtrujillo.com\/index.php?rest_route=\/wp\/v2\/posts"}],"about":[{"href":"https:\/\/ciudadtrujillo.com\/index.php?rest_route=\/wp\/v2\/types\/post"}],"author":[{"embeddable":true,"href":"https:\/\/ciudadtrujillo.com\/index.php?rest_route=\/wp\/v2\/users\/7"}],"replies":[{"embeddable":true,"href":"https:\/\/ciudadtrujillo.com\/index.php?rest_route=%2Fwp%2Fv2%2Fcomments&post=42786"}],"version-history":[{"count":1,"href":"https:\/\/ciudadtrujillo.com\/index.php?rest_route=\/wp\/v2\/posts\/42786\/revisions"}],"predecessor-version":[{"id":42788,"href":"https:\/\/ciudadtrujillo.com\/index.php?rest_route=\/wp\/v2\/posts\/42786\/revisions\/42788"}],"wp:featuredmedia":[{"embeddable":true,"href":"https:\/\/ciudadtrujillo.com\/index.php?rest_route=\/wp\/v2\/media\/42787"}],"wp:attachment":[{"href":"https:\/\/ciudadtrujillo.com\/index.php?rest_route=%2Fwp%2Fv2%2Fmedia&parent=42786"}],"wp:term":[{"taxonomy":"category","embeddable":true,"href":"https:\/\/ciudadtrujillo.com\/index.php?rest_route=%2Fwp%2Fv2%2Fcategories&post=42786"},{"taxonomy":"post_tag","embeddable":true,"href":"https:\/\/ciudadtrujillo.com\/index.php?rest_route=%2Fwp%2Fv2%2Ftags&post=42786"}],"curies":[{"name":"wp","href":"https:\/\/api.w.org\/{rel}","templated":true}]}}