{"id":42709,"date":"2025-03-06T20:49:26","date_gmt":"2025-03-07T00:49:26","guid":{"rendered":"https:\/\/ciudadtrujillo.com\/?p=42709"},"modified":"2025-03-06T20:49:26","modified_gmt":"2025-03-07T00:49:26","slug":"presidente-maduro-las-luchas-y-victorias-de-estos-12-anos-son-del-pueblo","status":"publish","type":"post","link":"https:\/\/ciudadtrujillo.com\/?p=42709","title":{"rendered":"Presidente Maduro: Las luchas y victorias de estos 12 a\u00f1os son del pueblo"},"content":{"rendered":"<p style=\"text-align: justify;\">El Presidente de la Rep\u00fablica Bolivariana de Venezuela, Nicol\u00e1s Maduro, afirm\u00f3 este jueves a prop\u00f3sito de conmemorarse los 12 a\u00f1os de la partida f\u00edsica del Comandante Hugo Ch\u00e1vez, que el l\u00edder de la Revoluci\u00f3n Bolivariana \u201cse hizo pueblo inmortal e indestructible en esta nuestra Revoluci\u00f3n Bolivariana y socialista\u201d.<\/p>\n<p style=\"text-align: justify;\">\u201cTodas las luchas y victorias de estos 12 a\u00f1os son de ustedes, del pueblo patriota dispuesto a batallar y a seguir venciendo. \u00a1Comuna o nada! \u00a1Hasta la victoria siempre con Ch\u00e1vez!\u201d, dijo el jefe de Estado a trav\u00e9s de un mensaje publicado en su canal de Telegram.<\/p>\n<p style=\"text-align: justify;\">A 12 a\u00f1os de la partida f\u00edsica del Comandante Ch\u00e1vez, es importante mencionar que el l\u00edder de la Revoluci\u00f3n no solamente luch\u00f3 para mejorar las condiciones de vida en Venezuela, tambi\u00e9n trabaj\u00f3 incansablemente por la reivindicaci\u00f3n de los pueblos de Latinoam\u00e9rica.<\/p>\n<p style=\"text-align: justify;\">Su carisma, conocimiento, y alto grado de conciencia social alcanz\u00f3 una gran proyecci\u00f3n internacional, que lo convirti\u00f3 en uno de los m\u00e1s importantes l\u00edderes mundiales en su \u00e9poca. Cabe recordar que el pueblo venezolano rindi\u00f3 este 05 de marzo un sentido homenaje al comandante Ch\u00e1vez, con una marcha multitudinaria hasta el cuartel de la monta\u00f1a donde reposan sus restos.<\/p>\n<p style=\"text-align: justify;\">\n<p style=\"text-align: justify;\">\n<p>&nbsp;<\/p>\n<p>&nbsp;<\/p>\n<h6>VTV\/Gr\u00e1ficas: Cortes\u00eda<\/h6>\n","protected":false},"excerpt":{"rendered":"<p>El Presidente de la Rep\u00fablica Bolivariana de Venezuela, Nicol\u00e1s Maduro, afirm\u00f3 este jueves a prop\u00f3sito de conmemorarse los 12 a\u00f1os de la partida f\u00edsica del Comandante Hugo Ch\u00e1vez, que el&hellip; <\/p>\n","protected":false},"author":7,"featured_media":42710,"comment_status":"closed","ping_status":"closed","sticky":false,"template":"","format":"standard","meta":{"footnotes":""},"categories":[41],"tags":[],"class_list":["post-42709","post","type-post","status-publish","format-standard","has-post-thumbnail","hentry","category-pais"],"_links":{"self":[{"href":"https:\/\/ciudadtrujillo.com\/index.php?rest_route=\/wp\/v2\/posts\/42709","targetHints":{"allow":["GET"]}}],"collection":[{"href":"https:\/\/ciudadtrujillo.com\/index.php?rest_route=\/wp\/v2\/posts"}],"about":[{"href":"https:\/\/ciudadtrujillo.com\/index.php?rest_route=\/wp\/v2\/types\/post"}],"author":[{"embeddable":true,"href":"https:\/\/ciudadtrujillo.com\/index.php?rest_route=\/wp\/v2\/users\/7"}],"replies":[{"embeddable":true,"href":"https:\/\/ciudadtrujillo.com\/index.php?rest_route=%2Fwp%2Fv2%2Fcomments&post=42709"}],"version-history":[{"count":1,"href":"https:\/\/ciudadtrujillo.com\/index.php?rest_route=\/wp\/v2\/posts\/42709\/revisions"}],"predecessor-version":[{"id":42711,"href":"https:\/\/ciudadtrujillo.com\/index.php?rest_route=\/wp\/v2\/posts\/42709\/revisions\/42711"}],"wp:featuredmedia":[{"embeddable":true,"href":"https:\/\/ciudadtrujillo.com\/index.php?rest_route=\/wp\/v2\/media\/42710"}],"wp:attachment":[{"href":"https:\/\/ciudadtrujillo.com\/index.php?rest_route=%2Fwp%2Fv2%2Fmedia&parent=42709"}],"wp:term":[{"taxonomy":"category","embeddable":true,"href":"https:\/\/ciudadtrujillo.com\/index.php?rest_route=%2Fwp%2Fv2%2Fcategories&post=42709"},{"taxonomy":"post_tag","embeddable":true,"href":"https:\/\/ciudadtrujillo.com\/index.php?rest_route=%2Fwp%2Fv2%2Ftags&post=42709"}],"curies":[{"name":"wp","href":"https:\/\/api.w.org\/{rel}","templated":true}]}}