{"id":42696,"date":"2025-03-05T20:54:57","date_gmt":"2025-03-06T00:54:57","guid":{"rendered":"https:\/\/ciudadtrujillo.com\/?p=42696"},"modified":"2025-03-05T20:54:57","modified_gmt":"2025-03-06T00:54:57","slug":"isnotu-lugar-turistico-mas-visitado-en-el-estado-durante-el-carnaval","status":"publish","type":"post","link":"https:\/\/ciudadtrujillo.com\/?p=42696","title":{"rendered":"Isnot\u00fa: lugar tur\u00edstico m\u00e1s visitado en el estado durante el Carnaval"},"content":{"rendered":"<p style=\"text-align: justify;\">La cuna de San Jos\u00e9 Gregorio Hern\u00e1ndez, Isnot\u00fa, se present\u00f3 como uno de los sitios tur\u00edsticos m\u00e1s visitados en el estado Trujillo, en el marco de las fiestas carnestolendas 2025.<\/p>\n<p style=\"text-align: justify;\">Asimismo, el Jard\u00edn de Venezuela (Bocon\u00f3) fue otro de los lugares m\u00e1s concurridos por los temporadistas, seguido de Valera y el municipio Escuque con su Parque Recreacional \u00abEl Golondrino\u00bb. La ciudad capital tambi\u00e9n recibi\u00f3 visitantes, espec\u00edficamente en el Monumento a la Paz.<\/p>\n<p style=\"text-align: justify;\">En la entidad la Corporaci\u00f3n Trujillana de Turismo ofreci\u00f3 ocho puntos de informaci\u00f3n tur\u00edstica en los municipios Valera, Escuque, Bocon\u00f3, Rafael Rangel, San Rafael de Carvajal y la ciudad capital.<\/p>\n<p>&nbsp;<\/p>\n<p>&nbsp;<\/p>\n<h6>Rossiel Hurtado\/Gr\u00e1ficas: Corporaci\u00f3n de Turismo<\/h6>\n","protected":false},"excerpt":{"rendered":"<p>La cuna de San Jos\u00e9 Gregorio Hern\u00e1ndez, Isnot\u00fa, se present\u00f3 como uno de los sitios tur\u00edsticos m\u00e1s visitados en el estado Trujillo, en el marco de las fiestas carnestolendas 2025.&hellip; <\/p>\n","protected":false},"author":7,"featured_media":42697,"comment_status":"closed","ping_status":"closed","sticky":false,"template":"","format":"standard","meta":{"footnotes":""},"categories":[40],"tags":[],"class_list":["post-42696","post","type-post","status-publish","format-standard","has-post-thumbnail","hentry","category-grantrujillo"],"_links":{"self":[{"href":"https:\/\/ciudadtrujillo.com\/index.php?rest_route=\/wp\/v2\/posts\/42696","targetHints":{"allow":["GET"]}}],"collection":[{"href":"https:\/\/ciudadtrujillo.com\/index.php?rest_route=\/wp\/v2\/posts"}],"about":[{"href":"https:\/\/ciudadtrujillo.com\/index.php?rest_route=\/wp\/v2\/types\/post"}],"author":[{"embeddable":true,"href":"https:\/\/ciudadtrujillo.com\/index.php?rest_route=\/wp\/v2\/users\/7"}],"replies":[{"embeddable":true,"href":"https:\/\/ciudadtrujillo.com\/index.php?rest_route=%2Fwp%2Fv2%2Fcomments&post=42696"}],"version-history":[{"count":1,"href":"https:\/\/ciudadtrujillo.com\/index.php?rest_route=\/wp\/v2\/posts\/42696\/revisions"}],"predecessor-version":[{"id":42698,"href":"https:\/\/ciudadtrujillo.com\/index.php?rest_route=\/wp\/v2\/posts\/42696\/revisions\/42698"}],"wp:featuredmedia":[{"embeddable":true,"href":"https:\/\/ciudadtrujillo.com\/index.php?rest_route=\/wp\/v2\/media\/42697"}],"wp:attachment":[{"href":"https:\/\/ciudadtrujillo.com\/index.php?rest_route=%2Fwp%2Fv2%2Fmedia&parent=42696"}],"wp:term":[{"taxonomy":"category","embeddable":true,"href":"https:\/\/ciudadtrujillo.com\/index.php?rest_route=%2Fwp%2Fv2%2Fcategories&post=42696"},{"taxonomy":"post_tag","embeddable":true,"href":"https:\/\/ciudadtrujillo.com\/index.php?rest_route=%2Fwp%2Fv2%2Ftags&post=42696"}],"curies":[{"name":"wp","href":"https:\/\/api.w.org\/{rel}","templated":true}]}}